{"id":10641,"date":"2020-02-10T12:56:39","date_gmt":"2020-02-10T11:56:39","guid":{"rendered":"http:\/\/staritrgobkolpi.splet.arnes.si\/?p=10641"},"modified":"2020-02-10T12:56:39","modified_gmt":"2020-02-10T11:56:39","slug":"presernovanje","status":"publish","type":"post","link":"https:\/\/www.os-stari-trg-ok.si\/?p=10641","title":{"rendered":"Pre\u0161ernovanje"},"content":{"rendered":"<p><strong>V petek, 7. 2. 2020, je ob slovenskem kulturnem prazniku potekala<\/strong><strong>\u00a0<\/strong>proslava Pre\u0161ernovanje. Prireditev so s skupnimi mo\u010dmi pripravili in izvedli otroci \u0161ole in vrtca z mentoricami in mentorji. Po Zdravljici, dr\u017eavni himni, ki jo je zapel mladinski pevski zbor, se je pri\u010del bogat kulturni program, ki sta ga povezovali u\u010denki 6. in 7. razreda Laura in Patricija. Prvi so nastopili otroci vrtca. Deklamirali so pesem o medvedji \u0161oli. V nadaljevanju pa so u\u010denci 1. triletja in kulturno-umetni\u0161kega kro\u017eka recitirali in deklamirali pesmi ter brali zanimivosti o Pre\u0161ernovem \u017eivljenju. \u010clani otro\u0161kega in mladinskega pevskega zbora so s petjem popestrili besede, medtem ko je na harmoniko zaigral u\u010denec 4. razreda Kevin. Knji\u017eni\u010darka in ravnateljica sta podelili nagrade za nate\u010daj Knjigovanje 2019. Kot vsako leto so z recitacijami nastopili tudi zaposleni v vrtcu in \u0161oli. Prazni\u010dno vzdu\u0161je je obogatila scenska kulisa prireditvenega prostora.<\/p>\n<p>[wzslider]<\/p>\n","protected":false},"excerpt":{"rendered":"<p>V petek, 7. 2. 2020, je ob slovenskem kulturnem prazniku potekala\u00a0proslava Pre\u0161ernovanje. Prireditev so s skupnimi mo\u010dmi pripravili in izvedli otroci \u0161ole in vrtca z mentoricami in mentorji. Po Zdravljici, [&hellip;]<\/p>\n","protected":false},"author":35459,"featured_media":0,"comment_status":"closed","ping_status":"closed","sticky":false,"template":"","format":"standard","meta":{"ngg_post_thumbnail":0,"footnotes":""},"categories":[71,19],"tags":[],"class_list":["post-10641","post","type-post","status-publish","format-standard","hentry","category-arhiv-za-solsko-leto-20192020","category-c44-dogodki"],"_links":{"self":[{"href":"https:\/\/www.os-stari-trg-ok.si\/index.php?rest_route=\/wp\/v2\/posts\/10641","targetHints":{"allow":["GET"]}}],"collection":[{"href":"https:\/\/www.os-stari-trg-ok.si\/index.php?rest_route=\/wp\/v2\/posts"}],"about":[{"href":"https:\/\/www.os-stari-trg-ok.si\/index.php?rest_route=\/wp\/v2\/types\/post"}],"author":[{"embeddable":true,"href":"https:\/\/www.os-stari-trg-ok.si\/index.php?rest_route=\/wp\/v2\/users\/35459"}],"replies":[{"embeddable":true,"href":"https:\/\/www.os-stari-trg-ok.si\/index.php?rest_route=%2Fwp%2Fv2%2Fcomments&post=10641"}],"version-history":[{"count":3,"href":"https:\/\/www.os-stari-trg-ok.si\/index.php?rest_route=\/wp\/v2\/posts\/10641\/revisions"}],"predecessor-version":[{"id":10725,"href":"https:\/\/www.os-stari-trg-ok.si\/index.php?rest_route=\/wp\/v2\/posts\/10641\/revisions\/10725"}],"wp:attachment":[{"href":"https:\/\/www.os-stari-trg-ok.si\/index.php?rest_route=%2Fwp%2Fv2%2Fmedia&parent=10641"}],"wp:term":[{"taxonomy":"category","embeddable":true,"href":"https:\/\/www.os-stari-trg-ok.si\/index.php?rest_route=%2Fwp%2Fv2%2Fcategories&post=10641"},{"taxonomy":"post_tag","embeddable":true,"href":"https:\/\/www.os-stari-trg-ok.si\/index.php?rest_route=%2Fwp%2Fv2%2Ftags&post=10641"}],"curies":[{"name":"wp","href":"https:\/\/api.w.org\/{rel}","templated":true}]}}