{"id":17037,"date":"2023-10-10T22:05:01","date_gmt":"2023-10-10T20:05:01","guid":{"rendered":"https:\/\/staritrgobkolpi.splet.arnes.si\/?p=17037"},"modified":"2023-10-16T12:53:37","modified_gmt":"2023-10-16T10:53:37","slug":"obelezili-smo-teden-otroka","status":"publish","type":"post","link":"https:\/\/www.os-stari-trg-ok.si\/?p=17037","title":{"rendered":"Obele\u017eili smo Teden otroka"},"content":{"rendered":"<p>Prvi teden v oktobru je Teden otroka. V \u0161olski knji\u017enici smo mu namenili ve\u010d dejavnosti.<\/p>\n<p>V okviru 6. Nacionalnega meseca skupnega branja smo vsak dan brali drug drugemu. \u0160e posebej smo se razveselili novih knjig.<\/p>\n<p>Na svetovni dan \u017eivali 4. oktobra so knji\u017enico obiskali najmlaj\u0161i, otroci iz vrtca. Veliko zanimivega so znali povedati o svojih doma\u010dih \u017eivalih in pozorno prisluhnili zgodbam o njih. Iz knji\u017enice so odnesli zajeten kup\u010dek knjig, ki jih bodo ob pomo\u010di vzgojiteljic tudi letos prebirali za pred\u0161olsko bralno zna\u010dko.<\/p>\n<p>U\u010denci 1. in 2. razreda so pri\u0161li v knji\u017enico naslednji dan, na svetovni dan u\u010diteljev. Ker smo v leto\u0161njem Tednu otroka praznovali tudi 70-letnico Zveze prijateljev mladine Slovenije, ki je skupaj z Dru\u0161tvom Bralna zna\u010dka Slovenije nosilka bralnega projekta Zlata bralka, zlati bralec, so prvo\u0161olci prejeli v dar slikanico Marka Kravosa in Erike Cunja Hi\u0161a selivka. Tudi prvo- in drugo\u0161olci so u\u017eivali ob poslu\u0161anju zgodbe o nenavadni hi\u0161i selivki ter ogledu umetni\u0161kih ilustracij v knjigi.<\/p>\n<p>Teden otroka je u\u010dencem popestrila \u0161e mese\u010dna knji\u017ena uganka, ki se je navezovala na leto\u0161njo temo radovednost.<\/p>\n<p>Zaklju\u010dek Tedna otroka pa je pod okriljem ZPM \u010crnomelj potekal v petek, 6. oktobra, v Kulturnem domu \u010crnomelj. Prireditve so se udele\u017eile u\u010denke kulturno-umetni\u0161kega kro\u017eka in se ob\u010dinstvu predstavile z zborno recitacijo pesmi Nine Jelen V\u0161e\u010dkaj srce. Pesem nam sporo\u010da:<\/p>\n<p><em>&#8220;Dajmo biti bolj prijazni na svetu,<\/em><\/p>\n<p><em>v realnem \u017eivljenju pa tudi na netu.<\/em><\/p>\n<p><em>Dajmo \u0161e malo v dobro verjeti<\/em><\/p>\n<p><em>in tisto, kar je v du\u0161i, vzeti.&#8221;<\/em><\/p>\n<p>&nbsp;<\/p>\n<p><img loading=\"lazy\" decoding=\"async\" class=\"alignnone wp-image-17038\" src=\"https:\/\/www.os-stari-trg-ok.si\/files\/2023\/10\/20231005_105949-135x300.jpg\" alt=\"\" width=\"320\" height=\"711\" srcset=\"https:\/\/www.os-stari-trg-ok.si\/files\/2023\/10\/20231005_105949-135x300.jpg 135w, https:\/\/www.os-stari-trg-ok.si\/files\/2023\/10\/20231005_105949-270x600.jpg 270w, https:\/\/www.os-stari-trg-ok.si\/files\/2023\/10\/20231005_105949-768x1707.jpg 768w, https:\/\/www.os-stari-trg-ok.si\/files\/2023\/10\/20231005_105949-691x1536.jpg 691w, https:\/\/www.os-stari-trg-ok.si\/files\/2023\/10\/20231005_105949-922x2048.jpg 922w, https:\/\/www.os-stari-trg-ok.si\/files\/2023\/10\/20231005_105949-947x2104.jpg 947w, https:\/\/www.os-stari-trg-ok.si\/files\/2023\/10\/20231005_105949-624x1387.jpg 624w, https:\/\/www.os-stari-trg-ok.si\/files\/2023\/10\/20231005_105949-scaled.jpg 1152w\" sizes=\"auto, (max-width: 320px) 100vw, 320px\" \/><\/p>\n<p>Prvo\u0161olci so se razveselili darilne slikanice Hi\u0161a selivka.<\/p>\n<p>&nbsp;<\/p>\n<p><img decoding=\"async\" src=\"https:\/\/www.bralnaznacka.si\/assets\/Uploads\/slike\/_resampled\/PadWyI1NTAiLCI1MDAiLCJGRkZGRkYiLDBd\/Hisaselivkajpg.png\" alt=\"Priporo\u010dilnica \u00bb Dru\u0161tvo Bralna zna\u010dka Slovenije - ZPMS\"><\/p>\n<p>&nbsp;<\/p>\n<p>&nbsp;<\/p>\n<p><em>Marija Volf, knji\u017eni\u010darka&nbsp;<\/em><\/p>\n","protected":false},"excerpt":{"rendered":"<p>Prvi teden v oktobru je Teden otroka. V \u0161olski knji\u017enici smo mu namenili ve\u010d dejavnosti. V okviru 6. Nacionalnega meseca skupnega branja smo vsak dan brali drug drugemu. \u0160e posebej [&hellip;]<\/p>\n","protected":false},"author":17493,"featured_media":17038,"comment_status":"closed","ping_status":"closed","sticky":false,"template":"","format":"standard","meta":{"ngg_post_thumbnail":0,"footnotes":""},"categories":[86,19],"tags":[],"class_list":["post-17037","post","type-post","status-publish","format-standard","has-post-thumbnail","hentry","category-arhiv-za-solsko-leto-2023-2024","category-c44-dogodki"],"_links":{"self":[{"href":"https:\/\/www.os-stari-trg-ok.si\/index.php?rest_route=\/wp\/v2\/posts\/17037","targetHints":{"allow":["GET"]}}],"collection":[{"href":"https:\/\/www.os-stari-trg-ok.si\/index.php?rest_route=\/wp\/v2\/posts"}],"about":[{"href":"https:\/\/www.os-stari-trg-ok.si\/index.php?rest_route=\/wp\/v2\/types\/post"}],"author":[{"embeddable":true,"href":"https:\/\/www.os-stari-trg-ok.si\/index.php?rest_route=\/wp\/v2\/users\/17493"}],"replies":[{"embeddable":true,"href":"https:\/\/www.os-stari-trg-ok.si\/index.php?rest_route=%2Fwp%2Fv2%2Fcomments&post=17037"}],"version-history":[{"count":2,"href":"https:\/\/www.os-stari-trg-ok.si\/index.php?rest_route=\/wp\/v2\/posts\/17037\/revisions"}],"predecessor-version":[{"id":17051,"href":"https:\/\/www.os-stari-trg-ok.si\/index.php?rest_route=\/wp\/v2\/posts\/17037\/revisions\/17051"}],"wp:featuredmedia":[{"embeddable":true,"href":"https:\/\/www.os-stari-trg-ok.si\/index.php?rest_route=\/wp\/v2\/media\/17038"}],"wp:attachment":[{"href":"https:\/\/www.os-stari-trg-ok.si\/index.php?rest_route=%2Fwp%2Fv2%2Fmedia&parent=17037"}],"wp:term":[{"taxonomy":"category","embeddable":true,"href":"https:\/\/www.os-stari-trg-ok.si\/index.php?rest_route=%2Fwp%2Fv2%2Fcategories&post=17037"},{"taxonomy":"post_tag","embeddable":true,"href":"https:\/\/www.os-stari-trg-ok.si\/index.php?rest_route=%2Fwp%2Fv2%2Ftags&post=17037"}],"curies":[{"name":"wp","href":"https:\/\/api.w.org\/{rel}","templated":true}]}}