{"id":17276,"date":"2023-12-07T10:33:08","date_gmt":"2023-12-07T09:33:08","guid":{"rendered":"https:\/\/staritrgobkolpi.splet.arnes.si\/?p=17276"},"modified":"2023-12-08T13:23:24","modified_gmt":"2023-12-08T12:23:24","slug":"prometno-obarvan-november","status":"publish","type":"post","link":"https:\/\/www.os-stari-trg-ok.si\/?p=17276","title":{"rendered":"PROMETNO OBARVAN NOVEMBER"},"content":{"rendered":"<p>Jesensko dogajanje se je nadaljevalo v november, poleg tega smo za\u010deli z novo mese\u010dno temo, ki je bila prometno obarvana. Pogovarjali smo se o razli\u010dnih prometnih vozilih, prometnih znakih, jih razvr\u0161\u010dali, barvali, izdelovali ter opisovali.<\/p>\n<p>Obele\u017eili smo tudi Tradicionalni slovenski zajtrk. Posladkali smo se z lokalnimi dobrotami: okusnim medom, maslom, mlekom in jabolki. Ker pa je bil leto\u0161nji dogodek s poudarkom na kruhu, smo skupaj zamesili kruh. Otroci so bili navdu\u0161eni nad gnetenjem testa in oblikovanjem hleb\u010dkov.<\/p>\n<p>Prometno dogajanje smo spremljali tudi v okolici vrtca. Poiskali smo prometne znake, jim dolo\u010dili obliko, barvo nato pa poiskali tudi njihov pomen. Ker v na\u0161i bli\u017eini ni semaforiziranega kri\u017ei\u0161\u010da smo si tega ustvarili kar v vrtcu. Izdelali smo \u010disto pravi semafor v katerega smo dali tudi lu\u010dke. Tako smo utrjevali barve in se nau\u010dili pravila.<\/p>\n<p>&nbsp;<\/p>\n<p>VIR: VVE<\/p>\n<p><img loading=\"lazy\" decoding=\"async\" class=\"\" src=\"https:\/\/www.os-stari-trg-ok.si\/files\/2023\/12\/Slika1.jpg\" width=\"430\" height=\"573\"><\/p>\n<p><img loading=\"lazy\" decoding=\"async\" class=\"\" src=\"https:\/\/www.os-stari-trg-ok.si\/files\/2023\/12\/Slika2.jpg\" width=\"430\" height=\"572\"><\/p>\n<p><img loading=\"lazy\" decoding=\"async\" class=\"\" src=\"https:\/\/www.os-stari-trg-ok.si\/files\/2023\/12\/Slika3.jpg\" width=\"559\" height=\"419\"><\/p>\n<p><img loading=\"lazy\" decoding=\"async\" class=\"\" src=\"https:\/\/www.os-stari-trg-ok.si\/files\/2023\/12\/Slika4.jpg\" width=\"458\" height=\"611\"><\/p>\n<p><img loading=\"lazy\" decoding=\"async\" class=\"\" src=\"https:\/\/www.os-stari-trg-ok.si\/files\/2023\/12\/Slika5.jpg\" width=\"573\" height=\"764\"><\/p>\n<p><img loading=\"lazy\" decoding=\"async\" class=\"\" src=\"https:\/\/www.os-stari-trg-ok.si\/files\/2023\/12\/Slika6.jpg\" width=\"575\" height=\"431\"><\/p>\n<p><img loading=\"lazy\" decoding=\"async\" class=\"\" src=\"https:\/\/www.os-stari-trg-ok.si\/files\/2023\/12\/Slika7.jpg\" width=\"577\" height=\"768\"><\/p>\n<p><img loading=\"lazy\" decoding=\"async\" class=\"\" src=\"https:\/\/www.os-stari-trg-ok.si\/files\/2023\/12\/Slika8.jpg\" width=\"482\" height=\"643\"><\/p>\n<p><img loading=\"lazy\" decoding=\"async\" class=\"\" src=\"https:\/\/www.os-stari-trg-ok.si\/files\/2023\/12\/Slika9.jpg\" width=\"484\" height=\"644\"><\/p>\n<p><img loading=\"lazy\" decoding=\"async\" class=\"\" src=\"https:\/\/www.os-stari-trg-ok.si\/files\/2023\/12\/Slika10.jpg\" width=\"596\" height=\"794\"><\/p>\n<p><img loading=\"lazy\" decoding=\"async\" class=\"\" src=\"https:\/\/www.os-stari-trg-ok.si\/files\/2023\/12\/Slika11.jpg\" width=\"596\" height=\"794\"><\/p>\n","protected":false},"excerpt":{"rendered":"<p>Jesensko dogajanje se je nadaljevalo v november, poleg tega smo za\u010deli z novo mese\u010dno temo, ki je bila prometno obarvana. Pogovarjali smo se o razli\u010dnih prometnih vozilih, prometnih znakih, jih [&hellip;]<\/p>\n","protected":false},"author":91022,"featured_media":17280,"comment_status":"closed","ping_status":"closed","sticky":false,"template":"","format":"standard","meta":{"ngg_post_thumbnail":0,"footnotes":""},"categories":[86,19,87],"tags":[],"class_list":["post-17276","post","type-post","status-publish","format-standard","has-post-thumbnail","hentry","category-arhiv-za-solsko-leto-2023-2024","category-c44-dogodki","category-dogodki-v-vrtcu-2023-24"],"_links":{"self":[{"href":"https:\/\/www.os-stari-trg-ok.si\/index.php?rest_route=\/wp\/v2\/posts\/17276","targetHints":{"allow":["GET"]}}],"collection":[{"href":"https:\/\/www.os-stari-trg-ok.si\/index.php?rest_route=\/wp\/v2\/posts"}],"about":[{"href":"https:\/\/www.os-stari-trg-ok.si\/index.php?rest_route=\/wp\/v2\/types\/post"}],"author":[{"embeddable":true,"href":"https:\/\/www.os-stari-trg-ok.si\/index.php?rest_route=\/wp\/v2\/users\/91022"}],"replies":[{"embeddable":true,"href":"https:\/\/www.os-stari-trg-ok.si\/index.php?rest_route=%2Fwp%2Fv2%2Fcomments&post=17276"}],"version-history":[{"count":2,"href":"https:\/\/www.os-stari-trg-ok.si\/index.php?rest_route=\/wp\/v2\/posts\/17276\/revisions"}],"predecessor-version":[{"id":17289,"href":"https:\/\/www.os-stari-trg-ok.si\/index.php?rest_route=\/wp\/v2\/posts\/17276\/revisions\/17289"}],"wp:featuredmedia":[{"embeddable":true,"href":"https:\/\/www.os-stari-trg-ok.si\/index.php?rest_route=\/wp\/v2\/media\/17280"}],"wp:attachment":[{"href":"https:\/\/www.os-stari-trg-ok.si\/index.php?rest_route=%2Fwp%2Fv2%2Fmedia&parent=17276"}],"wp:term":[{"taxonomy":"category","embeddable":true,"href":"https:\/\/www.os-stari-trg-ok.si\/index.php?rest_route=%2Fwp%2Fv2%2Fcategories&post=17276"},{"taxonomy":"post_tag","embeddable":true,"href":"https:\/\/www.os-stari-trg-ok.si\/index.php?rest_route=%2Fwp%2Fv2%2Ftags&post=17276"}],"curies":[{"name":"wp","href":"https:\/\/api.w.org\/{rel}","templated":true}]}}