{"id":17333,"date":"2023-12-21T22:00:24","date_gmt":"2023-12-21T21:00:24","guid":{"rendered":"https:\/\/staritrgobkolpi.splet.arnes.si\/?p=17333"},"modified":"2024-01-15T12:13:26","modified_gmt":"2024-01-15T11:13:26","slug":"z-vlakom-v-gledalisce-knjiznico-in-muzej","status":"publish","type":"post","link":"https:\/\/www.os-stari-trg-ok.si\/?p=17333","title":{"rendered":"Z vlakom v gledali\u0161\u010de, knji\u017enico in muzej"},"content":{"rendered":"<p>V petek, 15. decembra, smo se u\u010denci kulturno-umetni\u0161kega kro\u017eka odpravili v Ljubljano. Na pot smo se podali \u017ee zelo zgodaj, bila je \u0161e no\u010d. S kombijem smo se odpeljali na \u017eelezni\u0161ko postajo v Ko\u010devje, kjer smo vstopili na vlak. In za\u010dela se je prva te\u017eko pri\u010dakovana dogodiv\u0161\u010dina &#8211; vo\u017enja z vlakom. Na vlaku smo se imeli super, res smo se zabavali, klepetali in igrali.<\/p>\n<p>Ko smo prispeli v Ljubljano, smo se sprehodili po prazni\u010dno okra\u0161enem mestu po Miklo\u0161i\u010devi cesti do Pre\u0161ernovega trga in \u010dez Tromostovje po starem mestnem jedru ob Ljubljanici. Med potjo smo si ogledali kar nekaj mestnih zanimivosti: spomenik generalu Rudolfu Maistru, Miklo\u0161i\u010dev spomenik, stavbi Televizije in Radia&nbsp; (pozabavali smo se &#8220;s kro\u017eno vo\u017enjo&#8221; na vhodnih vratih obeh medijskih hi\u0161), Pionirsko knji\u017enico, Robbov vodnjak in Mestno hi\u0161o, stolnico, Vodnikov spomenik &#8230; Pri Pre\u0161ernovem spomeniku smo se na eni od stojnic, ki \u0161e ni delovala, okrep\u010dali s&nbsp; \u0161olsko malico in se fotografirali pod mogo\u010dno novoletno razsvetljeno smreko Tino.<\/p>\n<p>Nato smo od\u0161li na Krekov trg v Lutkovno gledali\u0161\u010de Ljubljana. Po \u0161tevilnih stopnicah smo se povzpeli v preddverje Odra pod zvezdami in se udobno namestili na gledali\u0161kih sede\u017eih okoli in okoli gledali\u0161kega odra. U\u017eivali smo v predstavi Peter Pan, ki nas je popeljala v domi\u0161ljijski svet de\u010dka, ki ni hotel odrasti. Zelo nam je bilo tudi zanimivo, da so igralci, ki so se menjavali v veliko vlogah, sedeli med nami in hodili mimo nas. Po zaklju\u010dku predstave pa smo \u0161e vztrajno \u010dakali v preddverju in spla\u010dalo se je, saj smo se fotografirali z igralko Gajo Fila\u010d (&#8220;Rantovo Metko&#8221;), ki je v predstavi igrala Wendy, in igralcem Jernejem Kuntnerjem, ki je igral kapitana Kljuko. Kasneje pa smo pri Pre\u0161ernovem spomeniku poklepetali \u0161e z igralcem Janom Bu\u010darjem, ki je tudi igral v Petru Panu. Obljubil nam je, da nas bo pri\u0161el pozdravit na \u0161olo, ko bo \u0161el poleti na Kolpo v Sodevce.<\/p>\n<p>Sledil je ogled Fran\u010di\u0161kanske knji\u017enice in muzeja pri cerkvi na Pre\u0161ernovem trgu. Fran\u010di\u0161kanska knji\u017enica je najstarej\u0161a knji\u017enica v Sloveniji, deluje \u017ee 790 let. Hrani okoli 70 000 knjig, ve\u010dina je zelo starih, med njimi so tudi inkunabule, ki so nastale do leta 1550. V prostoru, ki se imenuje Zakladnica, pa smo videli tudi originalno Dalmatinovo Biblijo s podpisom Primo\u017ea Trubarja, v \u010digar lasti je bila, in izvirnik Pre\u0161ernove knji\u017eice Krst pri Savici s pesnikovim posvetilom. Ob\u010dudovali pa smo \u0161e zelo lepe stare slike slovenskih in tujih slikarjev.<\/p>\n<p>Sledil je sprehod na Metelkovo ulico in obisk Slovenskega etnografskega muzeja. Ta muzej je na\u0161 najstarej\u0161i in letos praznuje 100-letnico delovanja. Ogledali smo si razstavi Med naravo in kulturo in Poljske jaslice. Videli smo veliko zanimivih predmetov in izvedeli marsikaj o \u017eivljenju na\u0161ih dedkov in babic, o njihovem vsakdanu in praznovanjih. Poljske jaslice pa so bile zares nekaj posebnega.<\/p>\n<p>Utrujeni smo se vrnili na ljubljansko \u017eelezni\u0161ko postajo, saj smo ta dan tudi prepe\u0161a\u010dili kar nekaj kilometrov. Na vlaku pa smo se zopet zabavali in prav ni\u010d nas ni motilo, da je vlak odpeljal z zamudo, saj je tako vo\u017enja do Ko\u010devja trajala \u0161e malo dlje. Na ko\u010devskem kolodvoru so nas pri\u010dakali star\u0161i in z lepimi vtisi smo se vrnili domov.<\/p>\n<p>Dan si bomo zapomnili kot zelo pester dan kulture ter zanimivo izku\u0161njo in do\u017eivetje s prijatelji, u\u010diteljico mentorico Marijo in mamicama Ur\u0161ko in Maybeline Rose. Bili smo si zelo dobra dru\u017eba. Bilo nam je zelo lepo, do\u017eiveli smo veliko novega in se tudi zabavali. Dan nam je ostal v nepozabnem spominu!<\/p>\n<p>&nbsp;<\/p>\n<p><img loading=\"lazy\" decoding=\"async\" class=\"alignnone wp-image-17370\" src=\"https:\/\/www.os-stari-trg-ok.si\/files\/2023\/12\/received_2237989853066278-300x225.jpeg\" alt=\"\" width=\"525\" height=\"394\" srcset=\"https:\/\/www.os-stari-trg-ok.si\/files\/2023\/12\/received_2237989853066278-300x225.jpeg 300w, https:\/\/www.os-stari-trg-ok.si\/files\/2023\/12\/received_2237989853066278-800x600.jpeg 800w, https:\/\/www.os-stari-trg-ok.si\/files\/2023\/12\/received_2237989853066278-768x576.jpeg 768w, https:\/\/www.os-stari-trg-ok.si\/files\/2023\/12\/received_2237989853066278-1536x1152.jpeg 1536w, https:\/\/www.os-stari-trg-ok.si\/files\/2023\/12\/received_2237989853066278-947x710.jpeg 947w, https:\/\/www.os-stari-trg-ok.si\/files\/2023\/12\/received_2237989853066278-624x468.jpeg 624w, https:\/\/www.os-stari-trg-ok.si\/files\/2023\/12\/received_2237989853066278.jpeg 2000w\" sizes=\"auto, (max-width: 525px) 100vw, 525px\" \/><\/p>\n<p>V LGL z igralcema Gajo Fila\u010d in Jernejem Kuntnerjem.<\/p>\n<p><img loading=\"lazy\" decoding=\"async\" class=\"alignnone wp-image-17374\" src=\"https:\/\/www.os-stari-trg-ok.si\/files\/2023\/12\/received_7257034881013379-300x225.jpeg\" alt=\"\" width=\"528\" height=\"396\" srcset=\"https:\/\/www.os-stari-trg-ok.si\/files\/2023\/12\/received_7257034881013379-300x225.jpeg 300w, https:\/\/www.os-stari-trg-ok.si\/files\/2023\/12\/received_7257034881013379-800x600.jpeg 800w, https:\/\/www.os-stari-trg-ok.si\/files\/2023\/12\/received_7257034881013379-768x576.jpeg 768w, https:\/\/www.os-stari-trg-ok.si\/files\/2023\/12\/received_7257034881013379-1536x1152.jpeg 1536w, https:\/\/www.os-stari-trg-ok.si\/files\/2023\/12\/received_7257034881013379-947x710.jpeg 947w, https:\/\/www.os-stari-trg-ok.si\/files\/2023\/12\/received_7257034881013379-624x468.jpeg 624w, https:\/\/www.os-stari-trg-ok.si\/files\/2023\/12\/received_7257034881013379.jpeg 1984w\" sizes=\"auto, (max-width: 528px) 100vw, 528px\" \/><\/p>\n<p>&nbsp;<\/p>\n<p><img loading=\"lazy\" decoding=\"async\" class=\"alignnone wp-image-17379\" src=\"https:\/\/www.os-stari-trg-ok.si\/files\/2023\/12\/IMG_20231215_121025-225x300.jpg\" alt=\"\" width=\"411\" height=\"548\" srcset=\"https:\/\/www.os-stari-trg-ok.si\/files\/2023\/12\/IMG_20231215_121025-225x300.jpg 225w, https:\/\/www.os-stari-trg-ok.si\/files\/2023\/12\/IMG_20231215_121025-450x600.jpg 450w, https:\/\/www.os-stari-trg-ok.si\/files\/2023\/12\/IMG_20231215_121025-768x1024.jpg 768w, https:\/\/www.os-stari-trg-ok.si\/files\/2023\/12\/IMG_20231215_121025-1152x1536.jpg 1152w, https:\/\/www.os-stari-trg-ok.si\/files\/2023\/12\/IMG_20231215_121025-1536x2048.jpg 1536w, https:\/\/www.os-stari-trg-ok.si\/files\/2023\/12\/IMG_20231215_121025-947x1263.jpg 947w, https:\/\/www.os-stari-trg-ok.si\/files\/2023\/12\/IMG_20231215_121025-624x832.jpg 624w, https:\/\/www.os-stari-trg-ok.si\/files\/2023\/12\/IMG_20231215_121025-scaled.jpg 1920w\" sizes=\"auto, (max-width: 411px) 100vw, 411px\" \/><\/p>\n<p>V 790-letni Fran\u010di\u0161kanski knji\u017enici.<\/p>\n<p><img loading=\"lazy\" decoding=\"async\" class=\"alignnone wp-image-17380\" src=\"https:\/\/www.os-stari-trg-ok.si\/files\/2023\/12\/IMG_20231215_120949-225x300.jpg\" alt=\"\" width=\"412\" height=\"549\" srcset=\"https:\/\/www.os-stari-trg-ok.si\/files\/2023\/12\/IMG_20231215_120949-225x300.jpg 225w, https:\/\/www.os-stari-trg-ok.si\/files\/2023\/12\/IMG_20231215_120949-450x600.jpg 450w, https:\/\/www.os-stari-trg-ok.si\/files\/2023\/12\/IMG_20231215_120949-768x1024.jpg 768w, https:\/\/www.os-stari-trg-ok.si\/files\/2023\/12\/IMG_20231215_120949-1152x1536.jpg 1152w, https:\/\/www.os-stari-trg-ok.si\/files\/2023\/12\/IMG_20231215_120949-1536x2048.jpg 1536w, https:\/\/www.os-stari-trg-ok.si\/files\/2023\/12\/IMG_20231215_120949-947x1263.jpg 947w, https:\/\/www.os-stari-trg-ok.si\/files\/2023\/12\/IMG_20231215_120949-624x832.jpg 624w, https:\/\/www.os-stari-trg-ok.si\/files\/2023\/12\/IMG_20231215_120949-scaled.jpg 1920w\" sizes=\"auto, (max-width: 412px) 100vw, 412px\" \/><\/p>\n<p>&nbsp;<\/p>\n<p><img loading=\"lazy\" decoding=\"async\" class=\"alignnone wp-image-17360\" src=\"https:\/\/www.os-stari-trg-ok.si\/files\/2023\/12\/received_869604121298282-300x225.jpeg\" alt=\"\" width=\"475\" height=\"356\" srcset=\"https:\/\/www.os-stari-trg-ok.si\/files\/2023\/12\/received_869604121298282-300x225.jpeg 300w, https:\/\/www.os-stari-trg-ok.si\/files\/2023\/12\/received_869604121298282-800x600.jpeg 800w, https:\/\/www.os-stari-trg-ok.si\/files\/2023\/12\/received_869604121298282-768x576.jpeg 768w, https:\/\/www.os-stari-trg-ok.si\/files\/2023\/12\/received_869604121298282-1536x1152.jpeg 1536w, https:\/\/www.os-stari-trg-ok.si\/files\/2023\/12\/received_869604121298282-947x710.jpeg 947w, https:\/\/www.os-stari-trg-ok.si\/files\/2023\/12\/received_869604121298282-624x468.jpeg 624w, https:\/\/www.os-stari-trg-ok.si\/files\/2023\/12\/received_869604121298282.jpeg 2000w\" sizes=\"auto, (max-width: 475px) 100vw, 475px\" \/><\/p>\n<p>Dedi\u0161\u010dina dedkov in babic v Slovenskem etnografskem muzeju.<\/p>\n<p><img loading=\"lazy\" decoding=\"async\" class=\"alignnone wp-image-17381\" src=\"https:\/\/www.os-stari-trg-ok.si\/files\/2023\/12\/received_6788304557963760-1-225x300.jpeg\" alt=\"\" width=\"411\" height=\"548\" srcset=\"https:\/\/www.os-stari-trg-ok.si\/files\/2023\/12\/received_6788304557963760-1-225x300.jpeg 225w, https:\/\/www.os-stari-trg-ok.si\/files\/2023\/12\/received_6788304557963760-1-450x600.jpeg 450w, https:\/\/www.os-stari-trg-ok.si\/files\/2023\/12\/received_6788304557963760-1-768x1024.jpeg 768w, https:\/\/www.os-stari-trg-ok.si\/files\/2023\/12\/received_6788304557963760-1-1152x1536.jpeg 1152w, https:\/\/www.os-stari-trg-ok.si\/files\/2023\/12\/received_6788304557963760-1-947x1263.jpeg 947w, https:\/\/www.os-stari-trg-ok.si\/files\/2023\/12\/received_6788304557963760-1-624x832.jpeg 624w, https:\/\/www.os-stari-trg-ok.si\/files\/2023\/12\/received_6788304557963760-1.jpeg 1500w\" sizes=\"auto, (max-width: 411px) 100vw, 411px\" \/><\/p>\n<p>Drevak ali \u010dupa v SEM.<\/p>\n<p><img loading=\"lazy\" decoding=\"async\" class=\"alignnone wp-image-17356\" src=\"https:\/\/www.os-stari-trg-ok.si\/files\/2023\/12\/received_352606460715308-300x225.jpeg\" alt=\"\" width=\"508\" height=\"381\" srcset=\"https:\/\/www.os-stari-trg-ok.si\/files\/2023\/12\/received_352606460715308-300x225.jpeg 300w, https:\/\/www.os-stari-trg-ok.si\/files\/2023\/12\/received_352606460715308-800x600.jpeg 800w, https:\/\/www.os-stari-trg-ok.si\/files\/2023\/12\/received_352606460715308-768x576.jpeg 768w, https:\/\/www.os-stari-trg-ok.si\/files\/2023\/12\/received_352606460715308-1536x1152.jpeg 1536w, https:\/\/www.os-stari-trg-ok.si\/files\/2023\/12\/received_352606460715308-947x710.jpeg 947w, https:\/\/www.os-stari-trg-ok.si\/files\/2023\/12\/received_352606460715308-624x468.jpeg 624w, https:\/\/www.os-stari-trg-ok.si\/files\/2023\/12\/received_352606460715308.jpeg 1984w\" sizes=\"auto, (max-width: 508px) 100vw, 508px\" \/><\/p>\n<p>Najstarej\u0161i slovenski muzej obele\u017euje 100-letnico.<\/p>\n<p><img loading=\"lazy\" decoding=\"async\" class=\"alignnone wp-image-17365\" src=\"https:\/\/www.os-stari-trg-ok.si\/files\/2023\/12\/received_1169405104034108-300x225.jpeg\" alt=\"\" width=\"503\" height=\"377\" srcset=\"https:\/\/www.os-stari-trg-ok.si\/files\/2023\/12\/received_1169405104034108-300x225.jpeg 300w, https:\/\/www.os-stari-trg-ok.si\/files\/2023\/12\/received_1169405104034108-800x600.jpeg 800w, https:\/\/www.os-stari-trg-ok.si\/files\/2023\/12\/received_1169405104034108-768x576.jpeg 768w, https:\/\/www.os-stari-trg-ok.si\/files\/2023\/12\/received_1169405104034108-1536x1152.jpeg 1536w, https:\/\/www.os-stari-trg-ok.si\/files\/2023\/12\/received_1169405104034108-947x710.jpeg 947w, https:\/\/www.os-stari-trg-ok.si\/files\/2023\/12\/received_1169405104034108-624x468.jpeg 624w, https:\/\/www.os-stari-trg-ok.si\/files\/2023\/12\/received_1169405104034108.jpeg 2000w\" sizes=\"auto, (max-width: 503px) 100vw, 503px\" \/><\/p>\n<p>Izjemne poljske jaslice v SEM.<\/p>\n<p><img loading=\"lazy\" decoding=\"async\" class=\"alignnone wp-image-17352\" src=\"https:\/\/www.os-stari-trg-ok.si\/files\/2023\/12\/IMG_20231215_143156-225x300.jpg\" alt=\"\" width=\"400\" height=\"533\" srcset=\"https:\/\/www.os-stari-trg-ok.si\/files\/2023\/12\/IMG_20231215_143156-225x300.jpg 225w, https:\/\/www.os-stari-trg-ok.si\/files\/2023\/12\/IMG_20231215_143156-450x600.jpg 450w, https:\/\/www.os-stari-trg-ok.si\/files\/2023\/12\/IMG_20231215_143156-768x1024.jpg 768w, https:\/\/www.os-stari-trg-ok.si\/files\/2023\/12\/IMG_20231215_143156-1152x1536.jpg 1152w, https:\/\/www.os-stari-trg-ok.si\/files\/2023\/12\/IMG_20231215_143156-1536x2048.jpg 1536w, https:\/\/www.os-stari-trg-ok.si\/files\/2023\/12\/IMG_20231215_143156-947x1263.jpg 947w, https:\/\/www.os-stari-trg-ok.si\/files\/2023\/12\/IMG_20231215_143156-624x832.jpg 624w, https:\/\/www.os-stari-trg-ok.si\/files\/2023\/12\/IMG_20231215_143156-scaled.jpg 1920w\" sizes=\"auto, (max-width: 400px) 100vw, 400px\" \/><\/p>\n<p>&nbsp;<\/p>\n<p><img loading=\"lazy\" decoding=\"async\" class=\"alignnone wp-image-17335\" src=\"https:\/\/www.os-stari-trg-ok.si\/files\/2023\/12\/IMG_20231215_083413-225x300.jpg\" alt=\"\" width=\"394\" height=\"525\" srcset=\"https:\/\/www.os-stari-trg-ok.si\/files\/2023\/12\/IMG_20231215_083413-225x300.jpg 225w, https:\/\/www.os-stari-trg-ok.si\/files\/2023\/12\/IMG_20231215_083413-450x600.jpg 450w, https:\/\/www.os-stari-trg-ok.si\/files\/2023\/12\/IMG_20231215_083413-768x1024.jpg 768w, https:\/\/www.os-stari-trg-ok.si\/files\/2023\/12\/IMG_20231215_083413-1152x1536.jpg 1152w, https:\/\/www.os-stari-trg-ok.si\/files\/2023\/12\/IMG_20231215_083413-1536x2048.jpg 1536w, https:\/\/www.os-stari-trg-ok.si\/files\/2023\/12\/IMG_20231215_083413-947x1263.jpg 947w, https:\/\/www.os-stari-trg-ok.si\/files\/2023\/12\/IMG_20231215_083413-624x832.jpg 624w, https:\/\/www.os-stari-trg-ok.si\/files\/2023\/12\/IMG_20231215_083413-scaled.jpg 1920w\" sizes=\"auto, (max-width: 394px) 100vw, 394px\" \/><\/p>\n<p>Pod novoletno smreko Tino na Pre\u0161ernovem trgu.<\/p>\n<p><img loading=\"lazy\" decoding=\"async\" class=\"alignnone wp-image-17334\" src=\"https:\/\/www.os-stari-trg-ok.si\/files\/2023\/12\/IMG_20231215_063254-300x225.jpg\" alt=\"\" width=\"507\" height=\"380\" srcset=\"https:\/\/www.os-stari-trg-ok.si\/files\/2023\/12\/IMG_20231215_063254-300x225.jpg 300w, https:\/\/www.os-stari-trg-ok.si\/files\/2023\/12\/IMG_20231215_063254-800x600.jpg 800w, https:\/\/www.os-stari-trg-ok.si\/files\/2023\/12\/IMG_20231215_063254-768x576.jpg 768w, https:\/\/www.os-stari-trg-ok.si\/files\/2023\/12\/IMG_20231215_063254-1536x1152.jpg 1536w, https:\/\/www.os-stari-trg-ok.si\/files\/2023\/12\/IMG_20231215_063254-2048x1536.jpg 2048w, https:\/\/www.os-stari-trg-ok.si\/files\/2023\/12\/IMG_20231215_063254-947x710.jpg 947w, https:\/\/www.os-stari-trg-ok.si\/files\/2023\/12\/IMG_20231215_063254-624x468.jpg 624w\" sizes=\"auto, (max-width: 507px) 100vw, 507px\" \/><\/p>\n<div dir=\"auto\">Na \u017eelezni\u0161ki postaji v Ko\u010devju.<\/div>\n<div dir=\"auto\">&nbsp;<\/div>\n<div dir=\"auto\">&nbsp;<\/div>\n<div dir=\"auto\">&nbsp;<\/div>\n<div dir=\"auto\">Besedilo: Sara K., Nina in Jana V., Marija Volf<\/div>\n<div dir=\"auto\">Fotografije: Maybeline R. Pyngrope T., Nina in Jana V.<\/div>\n<div dir=\"auto\">&nbsp;<\/div>\n<div dir=\"auto\">&nbsp;<\/div>\n","protected":false},"excerpt":{"rendered":"<p>V petek, 15. decembra, smo se u\u010denci kulturno-umetni\u0161kega kro\u017eka odpravili v Ljubljano. Na pot smo se podali \u017ee zelo zgodaj, bila je \u0161e no\u010d. S kombijem smo se odpeljali na [&hellip;]<\/p>\n","protected":false},"author":17493,"featured_media":17368,"comment_status":"closed","ping_status":"closed","sticky":false,"template":"","format":"standard","meta":{"ngg_post_thumbnail":0,"footnotes":""},"categories":[86,17,19],"tags":[],"class_list":["post-17333","post","type-post","status-publish","format-standard","has-post-thumbnail","hentry","category-arhiv-za-solsko-leto-2023-2024","category-dnevi-dejavnosti","category-c44-dogodki"],"_links":{"self":[{"href":"https:\/\/www.os-stari-trg-ok.si\/index.php?rest_route=\/wp\/v2\/posts\/17333","targetHints":{"allow":["GET"]}}],"collection":[{"href":"https:\/\/www.os-stari-trg-ok.si\/index.php?rest_route=\/wp\/v2\/posts"}],"about":[{"href":"https:\/\/www.os-stari-trg-ok.si\/index.php?rest_route=\/wp\/v2\/types\/post"}],"author":[{"embeddable":true,"href":"https:\/\/www.os-stari-trg-ok.si\/index.php?rest_route=\/wp\/v2\/users\/17493"}],"replies":[{"embeddable":true,"href":"https:\/\/www.os-stari-trg-ok.si\/index.php?rest_route=%2Fwp%2Fv2%2Fcomments&post=17333"}],"version-history":[{"count":8,"href":"https:\/\/www.os-stari-trg-ok.si\/index.php?rest_route=\/wp\/v2\/posts\/17333\/revisions"}],"predecessor-version":[{"id":17385,"href":"https:\/\/www.os-stari-trg-ok.si\/index.php?rest_route=\/wp\/v2\/posts\/17333\/revisions\/17385"}],"wp:featuredmedia":[{"embeddable":true,"href":"https:\/\/www.os-stari-trg-ok.si\/index.php?rest_route=\/wp\/v2\/media\/17368"}],"wp:attachment":[{"href":"https:\/\/www.os-stari-trg-ok.si\/index.php?rest_route=%2Fwp%2Fv2%2Fmedia&parent=17333"}],"wp:term":[{"taxonomy":"category","embeddable":true,"href":"https:\/\/www.os-stari-trg-ok.si\/index.php?rest_route=%2Fwp%2Fv2%2Fcategories&post=17333"},{"taxonomy":"post_tag","embeddable":true,"href":"https:\/\/www.os-stari-trg-ok.si\/index.php?rest_route=%2Fwp%2Fv2%2Ftags&post=17333"}],"curies":[{"name":"wp","href":"https:\/\/api.w.org\/{rel}","templated":true}]}}