{"id":17892,"date":"2024-04-11T12:34:36","date_gmt":"2024-04-11T10:34:36","guid":{"rendered":"https:\/\/staritrgobkolpi.splet.arnes.si\/?p=17892"},"modified":"2024-04-11T12:34:36","modified_gmt":"2024-04-11T10:34:36","slug":"uvrsceni-na-drzavni-nivo-na-natecaju-evropa-v-soli","status":"publish","type":"post","link":"https:\/\/www.os-stari-trg-ok.si\/?p=17892","title":{"rendered":"UVR\u0160\u010cENI NA DR\u017dAVNI NIVO NA NATE\u010cAJU EVROPA V \u0160OLI"},"content":{"rendered":"<div>Tudi letos so otroci iz vrtca in u\u010denci iz O\u0160 Stari trg ob Kolpi sodelovali na nate\u010daju Evropa v \u0161oli. Iz vrtca se je s svojim likovnim delom uvrstil&nbsp;na dr\u017eavni nivo Urban Hrovatin, pod mentorstvom Andreje Sveti\u010d, iz 1. in 2. triade u\u010denki Ema Hrovatin in Ne\u017ea Miheli\u0107, pod mentorstvom Ajde Skrbin\u0161ek, s svojim literarnim delom pa se je na dr\u017eavni nivo uvrstila u\u010denka Nina Vukeli\u0107, pod mentorstvom Marije Volf.&nbsp;<\/div>\n<div>&nbsp;<\/div>\n<div>Zaklju\u010dna prireditev EV\u0160 za Belo krajino bo potekala 15. maja 2024 na O\u0160 Mirana Jarca \u010crnomelj.&nbsp;<\/div>\n<div>&nbsp;<\/div>\n<div>\u010cestitke uvr\u0161\u010denim in vsem sodelujo\u010dim!<\/div>\n<div>&nbsp;<\/div>\n<div><span class=\"il\">Ajda<\/span>&nbsp;Skrbin\u0161ek,<\/div>\n<div>koordinatorica<\/div>\n<div>&nbsp;<\/div>\n<div><img decoding=\"async\" src=\"https:\/\/www.os-stari-trg-ok.si\/files\/2024\/04\/IMG_0182-scaled.jpeg\"><\/div>\n<div><img decoding=\"async\" src=\"https:\/\/www.os-stari-trg-ok.si\/files\/2024\/04\/publikacija_evropa-v-soli.jpg\"><\/div>\n","protected":false},"excerpt":{"rendered":"<p>Tudi letos so otroci iz vrtca in u\u010denci iz O\u0160 Stari trg ob Kolpi sodelovali na nate\u010daju Evropa v \u0161oli. Iz vrtca se je s svojim likovnim delom uvrstil&nbsp;na dr\u017eavni [&hellip;]<\/p>\n","protected":false},"author":91022,"featured_media":17894,"comment_status":"closed","ping_status":"closed","sticky":false,"template":"","format":"standard","meta":{"ngg_post_thumbnail":0,"footnotes":""},"categories":[86,19],"tags":[],"class_list":["post-17892","post","type-post","status-publish","format-standard","has-post-thumbnail","hentry","category-arhiv-za-solsko-leto-2023-2024","category-c44-dogodki"],"_links":{"self":[{"href":"https:\/\/www.os-stari-trg-ok.si\/index.php?rest_route=\/wp\/v2\/posts\/17892","targetHints":{"allow":["GET"]}}],"collection":[{"href":"https:\/\/www.os-stari-trg-ok.si\/index.php?rest_route=\/wp\/v2\/posts"}],"about":[{"href":"https:\/\/www.os-stari-trg-ok.si\/index.php?rest_route=\/wp\/v2\/types\/post"}],"author":[{"embeddable":true,"href":"https:\/\/www.os-stari-trg-ok.si\/index.php?rest_route=\/wp\/v2\/users\/91022"}],"replies":[{"embeddable":true,"href":"https:\/\/www.os-stari-trg-ok.si\/index.php?rest_route=%2Fwp%2Fv2%2Fcomments&post=17892"}],"version-history":[{"count":1,"href":"https:\/\/www.os-stari-trg-ok.si\/index.php?rest_route=\/wp\/v2\/posts\/17892\/revisions"}],"predecessor-version":[{"id":17896,"href":"https:\/\/www.os-stari-trg-ok.si\/index.php?rest_route=\/wp\/v2\/posts\/17892\/revisions\/17896"}],"wp:featuredmedia":[{"embeddable":true,"href":"https:\/\/www.os-stari-trg-ok.si\/index.php?rest_route=\/wp\/v2\/media\/17894"}],"wp:attachment":[{"href":"https:\/\/www.os-stari-trg-ok.si\/index.php?rest_route=%2Fwp%2Fv2%2Fmedia&parent=17892"}],"wp:term":[{"taxonomy":"category","embeddable":true,"href":"https:\/\/www.os-stari-trg-ok.si\/index.php?rest_route=%2Fwp%2Fv2%2Fcategories&post=17892"},{"taxonomy":"post_tag","embeddable":true,"href":"https:\/\/www.os-stari-trg-ok.si\/index.php?rest_route=%2Fwp%2Fv2%2Ftags&post=17892"}],"curies":[{"name":"wp","href":"https:\/\/api.w.org\/{rel}","templated":true}]}}