{"id":17903,"date":"2024-04-11T12:51:48","date_gmt":"2024-04-11T10:51:48","guid":{"rendered":"https:\/\/staritrgobkolpi.splet.arnes.si\/?p=17903"},"modified":"2024-04-11T12:51:48","modified_gmt":"2024-04-11T10:51:48","slug":"s-petjem-in-plesom-razigrani-marec","status":"publish","type":"post","link":"https:\/\/www.os-stari-trg-ok.si\/?p=17903","title":{"rendered":"S PETJEM IN PLESOM RAZIGRANI MAREC"},"content":{"rendered":"<p>Tako kot se je za\u010dela prebujati narava smo se tudi Ribice in \u017dabice po\u010dutili razigrano. Obiskali so nas tudi prvi znanilci pomladi. Prepevali smo znane pesmice ter se nau\u010dili nekaj novih.<\/p>\n<p>Ob dnevu \u017eena smo izdelovali ro\u017eice in naredili vo\u0161\u010dilnice, ki smo jih pridno podelili med zaposlenimi in star\u0161i. Tudi na dan mu\u010denikov nismo pozabili in obenem ustvarili vo\u0161\u010dilnice \u0161e za mo\u0161ke.<\/p>\n<p>Ko so pti\u010dki na vejicah zasli\u0161ali na\u0161e petje so se tudi oni za\u010deli ugla\u0161evati za svoj praznik. Gregorjevo obele\u017eujemo 12. marca, ko goduje sv. Gregor in&nbsp; po ljudskem izro\u010dilu se na ta dan &#8220;pti\u010dki \u017eenijo&#8221;. Gregor pa je znan tudi kot prina\u0161alec lu\u010di, zato smo poleg pti\u010dkov naredili tudi ladjice s sve\u010dkami ali&nbsp; t.i. gregor\u010dke, ki jih spustimo po vodi.<\/p>\n<p>Veliko smo ustvarjali tudi na temo pomladi, ki smo jo \u017ee nestrpno \u010dakali. Od risbic, dekoracije za vrt\u010devske prostore pa vse do Zama\u0161konjama. S skupnimi mo\u010dmi smo naredili prav posebno ro\u017eico v koritu, ki se hrani z zbranimi plasti\u010dnimi pokrov\u010dki. \u0160e vedno ga pridno polnimo.<\/p>\n<p style=\"text-align: center\">NA POLJU RO\u017dICE CVETO,<\/p>\n<p style=\"text-align: center\">NA DREVJU PA PTI\u010cKI POJO,<\/p>\n<p style=\"text-align: center\">Z NEBA NAM SVETI SON\u010cEK ZLAT,<\/p>\n<p style=\"text-align: center\">\u017dE PRI\u0160LA JE K NAM POMLAD.<\/p>\n<p>Prvi pomladni dan smo pre\u017eiveli na prav poseben na\u010din. Na \u0161olskem igri\u0161\u010du je gostovala mini Planica, namenjena tako vrt\u010devskim kot tudi \u0161olskim otrokom. Otroci so se preizkusili v skokih in poletih na \u010disto pravi improvizirani mini skakalnici.<\/p>\n<p>V pomladnem razpolo\u017eenju smo se ogrevali in pridno vadili za nastop, ki smo ga predstavili na prireditvi ob materinskem dnevu. Za mamice smo izdelali tudi manj\u0161e pozornosti s katerimi smo jim pokazali kako zelo jih imamo radi.<\/p>\n<p>Ob koncu meseca, preden smo se odpravili na velikono\u010dne praznike, pa nas je obiskala \u0161e Laura iz ZD \u010crnomelj in nas popeljala v Gibalno malo \u0161olo. Otroci so se razveselili obiska in nadvse u\u017eivali.<\/p>\n<p>&nbsp;<\/p>\n<p>&nbsp;<\/p>\n<p>VIR: VVE pri O\u0160 Stari trg ob Kolpi<\/p>\n<p><img decoding=\"async\" src=\"https:\/\/www.os-stari-trg-ok.si\/files\/2024\/04\/1-e1712832380494.jpg\"><\/p>\n<p><img decoding=\"async\" src=\"https:\/\/www.os-stari-trg-ok.si\/files\/2024\/04\/3-e1712832493974.jpg\"><\/p>\n<p><img decoding=\"async\" src=\"https:\/\/www.os-stari-trg-ok.si\/files\/2024\/04\/2-e1712832525234.jpg\"><\/p>\n<p><img decoding=\"async\" src=\"https:\/\/www.os-stari-trg-ok.si\/files\/2024\/04\/4-e1712832547988.jpg\"><\/p>\n<p><img decoding=\"async\" src=\"https:\/\/www.os-stari-trg-ok.si\/files\/2024\/04\/6-e1712832581428.jpg\"><\/p>\n<p><img decoding=\"async\" src=\"https:\/\/www.os-stari-trg-ok.si\/files\/2024\/04\/5-e1712832620463.jpg\"><\/p>\n<p><img decoding=\"async\" src=\"https:\/\/www.os-stari-trg-ok.si\/files\/2024\/04\/7-e1712832642258.jpg\"><\/p>\n<p><img loading=\"lazy\" decoding=\"async\" class=\"\" src=\"https:\/\/www.os-stari-trg-ok.si\/files\/2024\/04\/8.jpg\" width=\"481\" height=\"361\"><\/p>\n<p><img loading=\"lazy\" decoding=\"async\" class=\"\" src=\"https:\/\/www.os-stari-trg-ok.si\/files\/2024\/04\/9.jpg\" width=\"481\" height=\"361\"><\/p>\n","protected":false},"excerpt":{"rendered":"<p>Tako kot se je za\u010dela prebujati narava smo se tudi Ribice in \u017dabice po\u010dutili razigrano. Obiskali so nas tudi prvi znanilci pomladi. Prepevali smo znane pesmice ter se nau\u010dili nekaj [&hellip;]<\/p>\n","protected":false},"author":91022,"featured_media":17911,"comment_status":"closed","ping_status":"closed","sticky":false,"template":"","format":"standard","meta":{"ngg_post_thumbnail":0,"footnotes":""},"categories":[86,19,87],"tags":[],"class_list":["post-17903","post","type-post","status-publish","format-standard","has-post-thumbnail","hentry","category-arhiv-za-solsko-leto-2023-2024","category-c44-dogodki","category-dogodki-v-vrtcu-2023-24"],"_links":{"self":[{"href":"https:\/\/www.os-stari-trg-ok.si\/index.php?rest_route=\/wp\/v2\/posts\/17903","targetHints":{"allow":["GET"]}}],"collection":[{"href":"https:\/\/www.os-stari-trg-ok.si\/index.php?rest_route=\/wp\/v2\/posts"}],"about":[{"href":"https:\/\/www.os-stari-trg-ok.si\/index.php?rest_route=\/wp\/v2\/types\/post"}],"author":[{"embeddable":true,"href":"https:\/\/www.os-stari-trg-ok.si\/index.php?rest_route=\/wp\/v2\/users\/91022"}],"replies":[{"embeddable":true,"href":"https:\/\/www.os-stari-trg-ok.si\/index.php?rest_route=%2Fwp%2Fv2%2Fcomments&post=17903"}],"version-history":[{"count":3,"href":"https:\/\/www.os-stari-trg-ok.si\/index.php?rest_route=\/wp\/v2\/posts\/17903\/revisions"}],"predecessor-version":[{"id":17915,"href":"https:\/\/www.os-stari-trg-ok.si\/index.php?rest_route=\/wp\/v2\/posts\/17903\/revisions\/17915"}],"wp:featuredmedia":[{"embeddable":true,"href":"https:\/\/www.os-stari-trg-ok.si\/index.php?rest_route=\/wp\/v2\/media\/17911"}],"wp:attachment":[{"href":"https:\/\/www.os-stari-trg-ok.si\/index.php?rest_route=%2Fwp%2Fv2%2Fmedia&parent=17903"}],"wp:term":[{"taxonomy":"category","embeddable":true,"href":"https:\/\/www.os-stari-trg-ok.si\/index.php?rest_route=%2Fwp%2Fv2%2Fcategories&post=17903"},{"taxonomy":"post_tag","embeddable":true,"href":"https:\/\/www.os-stari-trg-ok.si\/index.php?rest_route=%2Fwp%2Fv2%2Ftags&post=17903"}],"curies":[{"name":"wp","href":"https:\/\/api.w.org\/{rel}","templated":true}]}}