{"id":17978,"date":"2024-05-07T10:29:06","date_gmt":"2024-05-07T08:29:06","guid":{"rendered":"https:\/\/staritrgobkolpi.splet.arnes.si\/?p=17978"},"modified":"2024-05-07T10:29:06","modified_gmt":"2024-05-07T08:29:06","slug":"udelezitev-na-34-otroskem-likovnem-extemporu","status":"publish","type":"post","link":"https:\/\/www.os-stari-trg-ok.si\/?p=17978","title":{"rendered":"Udele\u017eitev na 34. otro\u0161kem likovnem extemporu"},"content":{"rendered":"<p>V petek, 26. 4. 2024, so se u\u010denke iz O\u0160 Stari trg ob Kolpi, Pika Ben\u010dina, Sara Kastelec in Nina Vukeli\u0107 udele\u017eile 34. otro\u0161kega likovnega extempora v Kostanjevici na Krki. Na veliko leseno plo\u0161\u010do so s spreji ustvarile grafit, s katerim so \u017eelele prenesti v svet svoje sporo\u010dilo. Po ustvarjanju je sledil obisk Galerije Bo\u017eidarja Jakaca, kjer so si u\u010denke ogledale stalno razstavo znanih slovenskih slikarjev, kiparjev in grafikov. Bil je zares lep in kreativno obarvan dan.<\/p>\n<p>mentorica Ajda Skrbin\u0161ek<\/p>\n<p><img decoding=\"async\" src=\"https:\/\/www.os-stari-trg-ok.si\/files\/2024\/05\/IMG_0991-scaled.jpg\"><\/p>\n<p><img decoding=\"async\" src=\"https:\/\/www.os-stari-trg-ok.si\/files\/2024\/05\/IMG_1127-scaled.jpg\"><\/p>\n<p><img decoding=\"async\" src=\"https:\/\/www.os-stari-trg-ok.si\/files\/2024\/05\/IMG_0935-scaled.jpg\"><\/p>\n<p><img decoding=\"async\" src=\"https:\/\/www.os-stari-trg-ok.si\/files\/2024\/05\/IMG_0960-scaled.jpg\"><\/p>\n<p><img decoding=\"async\" src=\"https:\/\/www.os-stari-trg-ok.si\/files\/2024\/05\/IMG_0971-scaled.jpg\"><\/p>\n<p><img decoding=\"async\" src=\"https:\/\/www.os-stari-trg-ok.si\/files\/2024\/05\/IMG_0977-scaled.jpg\"><\/p>\n","protected":false},"excerpt":{"rendered":"<p>V petek, 26. 4. 2024, so se u\u010denke iz O\u0160 Stari trg ob Kolpi, Pika Ben\u010dina, Sara Kastelec in Nina Vukeli\u0107 udele\u017eile 34. otro\u0161kega likovnega extempora v Kostanjevici na Krki. [&hellip;]<\/p>\n","protected":false},"author":91022,"featured_media":17984,"comment_status":"closed","ping_status":"closed","sticky":false,"template":"","format":"standard","meta":{"ngg_post_thumbnail":0,"footnotes":""},"categories":[86,19],"tags":[],"class_list":["post-17978","post","type-post","status-publish","format-standard","has-post-thumbnail","hentry","category-arhiv-za-solsko-leto-2023-2024","category-c44-dogodki"],"_links":{"self":[{"href":"https:\/\/www.os-stari-trg-ok.si\/index.php?rest_route=\/wp\/v2\/posts\/17978","targetHints":{"allow":["GET"]}}],"collection":[{"href":"https:\/\/www.os-stari-trg-ok.si\/index.php?rest_route=\/wp\/v2\/posts"}],"about":[{"href":"https:\/\/www.os-stari-trg-ok.si\/index.php?rest_route=\/wp\/v2\/types\/post"}],"author":[{"embeddable":true,"href":"https:\/\/www.os-stari-trg-ok.si\/index.php?rest_route=\/wp\/v2\/users\/91022"}],"replies":[{"embeddable":true,"href":"https:\/\/www.os-stari-trg-ok.si\/index.php?rest_route=%2Fwp%2Fv2%2Fcomments&post=17978"}],"version-history":[{"count":2,"href":"https:\/\/www.os-stari-trg-ok.si\/index.php?rest_route=\/wp\/v2\/posts\/17978\/revisions"}],"predecessor-version":[{"id":17988,"href":"https:\/\/www.os-stari-trg-ok.si\/index.php?rest_route=\/wp\/v2\/posts\/17978\/revisions\/17988"}],"wp:featuredmedia":[{"embeddable":true,"href":"https:\/\/www.os-stari-trg-ok.si\/index.php?rest_route=\/wp\/v2\/media\/17984"}],"wp:attachment":[{"href":"https:\/\/www.os-stari-trg-ok.si\/index.php?rest_route=%2Fwp%2Fv2%2Fmedia&parent=17978"}],"wp:term":[{"taxonomy":"category","embeddable":true,"href":"https:\/\/www.os-stari-trg-ok.si\/index.php?rest_route=%2Fwp%2Fv2%2Fcategories&post=17978"},{"taxonomy":"post_tag","embeddable":true,"href":"https:\/\/www.os-stari-trg-ok.si\/index.php?rest_route=%2Fwp%2Fv2%2Ftags&post=17978"}],"curies":[{"name":"wp","href":"https:\/\/api.w.org\/{rel}","templated":true}]}}