{"id":18015,"date":"2024-05-13T09:54:12","date_gmt":"2024-05-13T07:54:12","guid":{"rendered":"https:\/\/staritrgobkolpi.splet.arnes.si\/?p=18015"},"modified":"2024-05-13T09:55:44","modified_gmt":"2024-05-13T07:55:44","slug":"uvrsceni-na-drzavno-raven-na-likovnem-in-literarnem-natecaju-evs-po-nagrade-v-celje","status":"publish","type":"post","link":"https:\/\/www.os-stari-trg-ok.si\/?p=18015","title":{"rendered":"Uvr\u0161\u010deni na dr\u017eavno raven na likovnem in literarnem nate\u010daju EV\u0160 po nagrade v Celje"},"content":{"rendered":"<p>\u0160 Stari trg ob Kolpi in VVE O\u0160 stari trg ob Kolpi sta sodelovali na likovnem in literarnem nate\u010daju Evropa v \u0161oli.<br \/>\nNa likovnem nate\u010daju se je na dr\u017eavno raven uvrstil najmlaj\u0161i ustvarjalec iz VVE O\u0160 Stari trg ob Kolpi, Urban Hrovatin pod mentorstvom Andreje Sveti\u010d.<br \/>\nPrav tako sta se na likovnem nate\u010daju uvrstili na dr\u017eavno raven u\u010denki O\u0160 Stari trg ob Kolpi, Ema Hrovatin in Ne\u017ea Miheli\u010d pod mentorstvom Ajde Skrbin\u0161ek.<br \/>\nNa literarnem nate\u010daju pa se je na dr\u017eavno raven uvrstila u\u010denka Nina Vukeli\u0107 pod mentorstvom Marije Volf.<br \/>\nNagrade in priznanja so u\u010denke 8. 5. 2024 prejele v Celjskem domu v Celju.<br \/>\nTa dan smo si ogledali tudi Pokrajinski muzej Celje in predstavitev projekta Evropska vas.<br \/>\nIskrene \u010destitke vsem uvr\u0161\u010denim na dr\u017eavni nivo!<\/p>\n<p>Ajda Skrbin\u0161ek<\/p>\n<p><img decoding=\"async\" src=\"https:\/\/www.os-stari-trg-ok.si\/files\/2024\/05\/IMG_2107-scaled.jpg\"><\/p>\n<p><img decoding=\"async\" src=\"https:\/\/www.os-stari-trg-ok.si\/files\/2024\/05\/IMG_2125-scaled.jpg\"><\/p>\n<p><img decoding=\"async\" src=\"https:\/\/www.os-stari-trg-ok.si\/files\/2024\/05\/IMG_2137-scaled.jpg\"><\/p>\n","protected":false},"excerpt":{"rendered":"<p>\u0160 Stari trg ob Kolpi in VVE O\u0160 stari trg ob Kolpi sta sodelovali na likovnem in literarnem nate\u010daju Evropa v \u0161oli. Na likovnem nate\u010daju se je na dr\u017eavno raven [&hellip;]<\/p>\n","protected":false},"author":91022,"featured_media":18018,"comment_status":"closed","ping_status":"closed","sticky":false,"template":"","format":"standard","meta":{"ngg_post_thumbnail":0,"footnotes":""},"categories":[86,19],"tags":[],"class_list":["post-18015","post","type-post","status-publish","format-standard","has-post-thumbnail","hentry","category-arhiv-za-solsko-leto-2023-2024","category-c44-dogodki"],"_links":{"self":[{"href":"https:\/\/www.os-stari-trg-ok.si\/index.php?rest_route=\/wp\/v2\/posts\/18015","targetHints":{"allow":["GET"]}}],"collection":[{"href":"https:\/\/www.os-stari-trg-ok.si\/index.php?rest_route=\/wp\/v2\/posts"}],"about":[{"href":"https:\/\/www.os-stari-trg-ok.si\/index.php?rest_route=\/wp\/v2\/types\/post"}],"author":[{"embeddable":true,"href":"https:\/\/www.os-stari-trg-ok.si\/index.php?rest_route=\/wp\/v2\/users\/91022"}],"replies":[{"embeddable":true,"href":"https:\/\/www.os-stari-trg-ok.si\/index.php?rest_route=%2Fwp%2Fv2%2Fcomments&post=18015"}],"version-history":[{"count":2,"href":"https:\/\/www.os-stari-trg-ok.si\/index.php?rest_route=\/wp\/v2\/posts\/18015\/revisions"}],"predecessor-version":[{"id":18021,"href":"https:\/\/www.os-stari-trg-ok.si\/index.php?rest_route=\/wp\/v2\/posts\/18015\/revisions\/18021"}],"wp:featuredmedia":[{"embeddable":true,"href":"https:\/\/www.os-stari-trg-ok.si\/index.php?rest_route=\/wp\/v2\/media\/18018"}],"wp:attachment":[{"href":"https:\/\/www.os-stari-trg-ok.si\/index.php?rest_route=%2Fwp%2Fv2%2Fmedia&parent=18015"}],"wp:term":[{"taxonomy":"category","embeddable":true,"href":"https:\/\/www.os-stari-trg-ok.si\/index.php?rest_route=%2Fwp%2Fv2%2Fcategories&post=18015"},{"taxonomy":"post_tag","embeddable":true,"href":"https:\/\/www.os-stari-trg-ok.si\/index.php?rest_route=%2Fwp%2Fv2%2Ftags&post=18015"}],"curies":[{"name":"wp","href":"https:\/\/api.w.org\/{rel}","templated":true}]}}