{"id":18404,"date":"2024-09-25T11:26:19","date_gmt":"2024-09-25T09:26:19","guid":{"rendered":"https:\/\/staritrgobkolpi.splet.arnes.si\/?p=18404"},"modified":"2024-10-18T09:18:18","modified_gmt":"2024-10-18T07:18:18","slug":"ob-evropskem-tednu-mobilnosti","status":"publish","type":"post","link":"https:\/\/www.os-stari-trg-ok.si\/?p=18404","title":{"rendered":"Ob evropskem tednu mobilnosti"},"content":{"rendered":"<p>Ob\u010dina \u010crnomelj je v sklopu evropskega tedna mobilnosti za \u0161ole in vrtce, ki so aktivno sodelovali v izvedbi aktivnosti Koko\u0161ka Roza in Beli zaj\u010dek, organizirala otro\u0161ko predstavo \u010crtek v mestu, v izvedbi gledali\u0161\u010da KUKUC. Predstavo smo si v petek, 20.9. 2024 ogledali u\u010denci 1.- 4-r. z u\u010diteljicami in dva pred\u0161olska otoka z vzgojiteljico O\u0160 Stari trg ob Kolpi. Ob koncu pou\u010dne zgodbe na temo prometne varnosti nam je \u017eupan ob\u010dine, g. Andrej Kav\u0161ek podelil tudi razli\u010dna darila. Za darila in predstavo najlep\u0161a hvala.<\/p>\n<p><img loading=\"lazy\" decoding=\"async\" class=\"\" src=\"https:\/\/www.os-stari-trg-ok.si\/files\/2024\/09\/download.jpg\" width=\"729\" height=\"328\"><\/p>\n<p><img loading=\"lazy\" decoding=\"async\" class=\"\" src=\"https:\/\/www.os-stari-trg-ok.si\/files\/2024\/09\/2.png\" width=\"331\" height=\"714\"><\/p>\n<p><img loading=\"lazy\" decoding=\"async\" class=\"\" src=\"https:\/\/www.os-stari-trg-ok.si\/files\/2024\/09\/3.png\" width=\"731\" height=\"316\"><\/p>\n<p>&nbsp;<\/p>\n","protected":false},"excerpt":{"rendered":"<p>Ob\u010dina \u010crnomelj je v sklopu evropskega tedna mobilnosti za \u0161ole in vrtce, ki so aktivno sodelovali v izvedbi aktivnosti Koko\u0161ka Roza in Beli zaj\u010dek, organizirala otro\u0161ko predstavo \u010crtek v mestu, [&hellip;]<\/p>\n","protected":false},"author":91022,"featured_media":18409,"comment_status":"closed","ping_status":"closed","sticky":false,"template":"","format":"standard","meta":{"ngg_post_thumbnail":0,"footnotes":""},"categories":[93,19],"tags":[],"class_list":["post-18404","post","type-post","status-publish","format-standard","has-post-thumbnail","hentry","category-arhiv-za-solsko-leto-2024-2025","category-c44-dogodki"],"_links":{"self":[{"href":"https:\/\/www.os-stari-trg-ok.si\/index.php?rest_route=\/wp\/v2\/posts\/18404","targetHints":{"allow":["GET"]}}],"collection":[{"href":"https:\/\/www.os-stari-trg-ok.si\/index.php?rest_route=\/wp\/v2\/posts"}],"about":[{"href":"https:\/\/www.os-stari-trg-ok.si\/index.php?rest_route=\/wp\/v2\/types\/post"}],"author":[{"embeddable":true,"href":"https:\/\/www.os-stari-trg-ok.si\/index.php?rest_route=\/wp\/v2\/users\/91022"}],"replies":[{"embeddable":true,"href":"https:\/\/www.os-stari-trg-ok.si\/index.php?rest_route=%2Fwp%2Fv2%2Fcomments&post=18404"}],"version-history":[{"count":10,"href":"https:\/\/www.os-stari-trg-ok.si\/index.php?rest_route=\/wp\/v2\/posts\/18404\/revisions"}],"predecessor-version":[{"id":18436,"href":"https:\/\/www.os-stari-trg-ok.si\/index.php?rest_route=\/wp\/v2\/posts\/18404\/revisions\/18436"}],"wp:featuredmedia":[{"embeddable":true,"href":"https:\/\/www.os-stari-trg-ok.si\/index.php?rest_route=\/wp\/v2\/media\/18409"}],"wp:attachment":[{"href":"https:\/\/www.os-stari-trg-ok.si\/index.php?rest_route=%2Fwp%2Fv2%2Fmedia&parent=18404"}],"wp:term":[{"taxonomy":"category","embeddable":true,"href":"https:\/\/www.os-stari-trg-ok.si\/index.php?rest_route=%2Fwp%2Fv2%2Fcategories&post=18404"},{"taxonomy":"post_tag","embeddable":true,"href":"https:\/\/www.os-stari-trg-ok.si\/index.php?rest_route=%2Fwp%2Fv2%2Ftags&post=18404"}],"curies":[{"name":"wp","href":"https:\/\/api.w.org\/{rel}","templated":true}]}}