{"id":18439,"date":"2024-10-01T12:10:20","date_gmt":"2024-10-01T10:10:20","guid":{"rendered":"https:\/\/staritrgobkolpi.splet.arnes.si\/?p=18439"},"modified":"2024-10-18T09:17:11","modified_gmt":"2024-10-18T07:17:11","slug":"mednarodni-inkluzivni-kamp-tuzla","status":"publish","type":"post","link":"https:\/\/www.os-stari-trg-ok.si\/?p=18439","title":{"rendered":"Mednarodni inkluzivni kamp Tuzla"},"content":{"rendered":"<p>U\u010denke O\u0160 Stari trg ob Kolpi in O\u0160 Milke \u0160obar-Nata\u0161e so se v spremstvu u\u010diteljev Ga\u0161perja Miheli\u010da in Matja\u017ea Bari\u010da udele\u017eile Mednarodnega inkluzivnega kampa v Tuzli.<\/p>\n<p>V \u010detrtek popoldne smo se odpravili proti Tuzli. Vo\u017enja je potekala v prijetnem in spro\u0161\u010denem vzdu\u0161ju. Ob prihodu v Tuzlo so nas sprejeli prijazni gostitelji in nas povabili na ve\u010derjo. Po ve\u010derji so nas gostitelji povabili na bowling.<\/p>\n<p>V petek smo se po zajtrku najprej opravili na ogled O\u0160 Sjenjak, kjer nas je sprejel ravnatelj Alis Begovi\u0107, nam razkazal \u0161olo in pogostil s \u010dajem. Po ogledu \u0161ole smo se odpeljali proti Planinskem domu na Poljice pri Tuzli, kjer smo se pridru\u017eile vrstnikom iz Bosne in Hercegovine, \u010crne gore, Hrva\u0161ke in Srbije. Gostitelji so organizirali prave \u00bbIgre brez meja\u00ab. Tekmovali smo v pikadu, spretnostnem poligonu, skakanju v vre\u010dah, strelih na gol, vle\u010denju vrvi, jedenju \u00bb\u0161am\u0161nite\u00ab \u2026<\/p>\n<p>\u010ceprav je bil namen kampa dru\u017eenje, smo se v igrah zelo potrudile. Nina je zmagala v pikadu, Genta je bila druga v hitrem \u00bbjedenju \u0160am\u0161nite\u00ab, v vle\u010denju vrvi smo Belokranjke v velikem finalu ve\u010d kot premagale dekleta iz Srednje farmacetvske \u0161ole v Tuzli.<\/p>\n<p>Po sre\u010danju smo si ogledale center Tuzle in si privo\u0161\u010dile zaslu\u017een po\u010ditek. Po ve\u010derji so nas organizatorji presenetili, saj so nas odpeljali na koncert Mirze Selimovi\u0107a, ki je zmagal v osmi sezoni glasbenega tekmovanja Zvezde Granda. Koncert se je odvijal v po\u010dastitev otvoritve Kulturnega in \u0160portnega centra, ki so ga dokon\u010dali po 27 letih.<\/p>\n<p>Poleg vsega zgoraj omenjenega, pa smo po sami poti spoznali naravno geografske, kulturne in zgodovinske zna\u010dilnosti pokrajine skozi katero smo se peljali.<\/p>\n<p>V soboto smo si v dru\u017ebi gostiteljev privo\u0161\u010dile \u00bb\u0161oping\u00ab. Za slovo pa smo si privo\u0161\u010dile \u0161e bosanske \u00bb\u010devape\u00ab.<\/p>\n<p>Pre\u017eive smo lep vikend, spoznale nove prijatelje, obogatile na\u0161e znanje, izkusile nove na\u010dine sodelovanja in upamo, da se kmalu spet sre\u010damo z njimi.<\/p>\n<p>Ve\u010d o dogajanju pa v sliki.<\/p>\n<p><img decoding=\"async\" src=\"https:\/\/www.os-stari-trg-ok.si\/files\/2024\/10\/IMG_8346-scaled.jpeg\"><\/p>\n<p><img decoding=\"async\" src=\"https:\/\/www.os-stari-trg-ok.si\/files\/2024\/10\/IMG_8352-scaled.jpeg\"><\/p>\n<p><img decoding=\"async\" src=\"https:\/\/www.os-stari-trg-ok.si\/files\/2024\/10\/IMG_8353-scaled.jpeg\"><\/p>\n<p><img decoding=\"async\" src=\"https:\/\/www.os-stari-trg-ok.si\/files\/2024\/10\/IMG_8355-scaled.jpeg\"><\/p>\n<p><img decoding=\"async\" src=\"https:\/\/www.os-stari-trg-ok.si\/files\/2024\/10\/IMG_8361-scaled.jpeg\"><\/p>\n<p><img decoding=\"async\" src=\"https:\/\/www.os-stari-trg-ok.si\/files\/2024\/10\/IMG_8368-scaled.jpeg\"><\/p>\n<p><img decoding=\"async\" src=\"https:\/\/www.os-stari-trg-ok.si\/files\/2024\/10\/IMG_8371-scaled.jpeg\"><\/p>\n<p><img decoding=\"async\" src=\"https:\/\/www.os-stari-trg-ok.si\/files\/2024\/10\/IMG_8373-scaled.jpeg\"><\/p>\n<p><img decoding=\"async\" src=\"https:\/\/www.os-stari-trg-ok.si\/files\/2024\/10\/IMG_8376-scaled.jpeg\"><\/p>\n<p><img decoding=\"async\" src=\"https:\/\/www.os-stari-trg-ok.si\/files\/2024\/10\/IMG_8380-scaled.jpeg\"><\/p>\n<p><img decoding=\"async\" src=\"https:\/\/www.os-stari-trg-ok.si\/files\/2024\/10\/IMG_8387-scaled.jpeg\"><\/p>\n<p><img decoding=\"async\" src=\"https:\/\/www.os-stari-trg-ok.si\/files\/2024\/10\/IMG_8390-scaled.jpeg\"><\/p>\n<p><img decoding=\"async\" src=\"https:\/\/www.os-stari-trg-ok.si\/files\/2024\/10\/IMG_8390-scaled.jpeg\"><\/p>\n<p><img decoding=\"async\" src=\"https:\/\/www.os-stari-trg-ok.si\/files\/2024\/10\/IMG_8393-scaled.jpeg\"><\/p>\n<p><img decoding=\"async\" src=\"https:\/\/www.os-stari-trg-ok.si\/files\/2024\/10\/IMG_8393-scaled.jpeg\"><\/p>\n<p><img decoding=\"async\" src=\"https:\/\/www.os-stari-trg-ok.si\/files\/2024\/10\/IMG_8396-scaled.jpeg\"><\/p>\n<p><img decoding=\"async\" src=\"https:\/\/www.os-stari-trg-ok.si\/files\/2024\/10\/IMG_8399-scaled.jpeg\"><\/p>\n<p><img decoding=\"async\" src=\"https:\/\/www.os-stari-trg-ok.si\/files\/2024\/10\/IMG_8403-scaled.jpeg\"><\/p>\n<p><img decoding=\"async\" src=\"https:\/\/www.os-stari-trg-ok.si\/files\/2024\/10\/IMG_8405-scaled.jpeg\"><\/p>\n<p><img decoding=\"async\" src=\"https:\/\/www.os-stari-trg-ok.si\/files\/2024\/10\/IMG_8407-scaled.jpeg\"><\/p>\n<p><img decoding=\"async\" src=\"https:\/\/www.os-stari-trg-ok.si\/files\/2024\/10\/IMG_8409-scaled.jpeg\"><\/p>\n<p><img decoding=\"async\" src=\"https:\/\/www.os-stari-trg-ok.si\/files\/2024\/10\/IMG_8414-scaled.jpeg\"><\/p>\n<p><img decoding=\"async\" src=\"https:\/\/www.os-stari-trg-ok.si\/files\/2024\/10\/IMG_8418-scaled.jpeg\"><\/p>\n<p><img decoding=\"async\" src=\"https:\/\/www.os-stari-trg-ok.si\/files\/2024\/10\/IMG_8427-scaled.jpeg\"><\/p>\n<p><img decoding=\"async\" src=\"https:\/\/www.os-stari-trg-ok.si\/files\/2024\/10\/IMG_8431-scaled.jpeg\"><\/p>\n<p><img decoding=\"async\" src=\"https:\/\/www.os-stari-trg-ok.si\/files\/2024\/10\/IMG_8436-scaled.jpeg\"><\/p>\n<p><img decoding=\"async\" src=\"https:\/\/www.os-stari-trg-ok.si\/files\/2024\/10\/IMG_8438-scaled.jpeg\"><\/p>\n<p><img decoding=\"async\" src=\"https:\/\/www.os-stari-trg-ok.si\/files\/2024\/10\/IMG_8467-scaled.jpeg\"><\/p>\n<p><img decoding=\"async\" src=\"https:\/\/www.os-stari-trg-ok.si\/files\/2024\/10\/IMG_8482-scaled.jpeg\"><\/p>\n<p><img decoding=\"async\" src=\"https:\/\/www.os-stari-trg-ok.si\/files\/2024\/10\/IMG_8487-scaled.jpeg\"><\/p>\n","protected":false},"excerpt":{"rendered":"<p>U\u010denke O\u0160 Stari trg ob Kolpi in O\u0160 Milke \u0160obar-Nata\u0161e so se v spremstvu u\u010diteljev Ga\u0161perja Miheli\u010da in Matja\u017ea Bari\u010da udele\u017eile Mednarodnega inkluzivnega kampa v Tuzli. V \u010detrtek popoldne smo [&hellip;]<\/p>\n","protected":false},"author":91022,"featured_media":18461,"comment_status":"closed","ping_status":"closed","sticky":false,"template":"","format":"standard","meta":{"ngg_post_thumbnail":0,"footnotes":""},"categories":[93,19],"tags":[],"class_list":["post-18439","post","type-post","status-publish","format-standard","has-post-thumbnail","hentry","category-arhiv-za-solsko-leto-2024-2025","category-c44-dogodki"],"_links":{"self":[{"href":"https:\/\/www.os-stari-trg-ok.si\/index.php?rest_route=\/wp\/v2\/posts\/18439","targetHints":{"allow":["GET"]}}],"collection":[{"href":"https:\/\/www.os-stari-trg-ok.si\/index.php?rest_route=\/wp\/v2\/posts"}],"about":[{"href":"https:\/\/www.os-stari-trg-ok.si\/index.php?rest_route=\/wp\/v2\/types\/post"}],"author":[{"embeddable":true,"href":"https:\/\/www.os-stari-trg-ok.si\/index.php?rest_route=\/wp\/v2\/users\/91022"}],"replies":[{"embeddable":true,"href":"https:\/\/www.os-stari-trg-ok.si\/index.php?rest_route=%2Fwp%2Fv2%2Fcomments&post=18439"}],"version-history":[{"count":1,"href":"https:\/\/www.os-stari-trg-ok.si\/index.php?rest_route=\/wp\/v2\/posts\/18439\/revisions"}],"predecessor-version":[{"id":18469,"href":"https:\/\/www.os-stari-trg-ok.si\/index.php?rest_route=\/wp\/v2\/posts\/18439\/revisions\/18469"}],"wp:featuredmedia":[{"embeddable":true,"href":"https:\/\/www.os-stari-trg-ok.si\/index.php?rest_route=\/wp\/v2\/media\/18461"}],"wp:attachment":[{"href":"https:\/\/www.os-stari-trg-ok.si\/index.php?rest_route=%2Fwp%2Fv2%2Fmedia&parent=18439"}],"wp:term":[{"taxonomy":"category","embeddable":true,"href":"https:\/\/www.os-stari-trg-ok.si\/index.php?rest_route=%2Fwp%2Fv2%2Fcategories&post=18439"},{"taxonomy":"post_tag","embeddable":true,"href":"https:\/\/www.os-stari-trg-ok.si\/index.php?rest_route=%2Fwp%2Fv2%2Ftags&post=18439"}],"curies":[{"name":"wp","href":"https:\/\/api.w.org\/{rel}","templated":true}]}}