{"id":18677,"date":"2024-10-21T11:35:58","date_gmt":"2024-10-21T09:35:58","guid":{"rendered":"https:\/\/staritrgobkolpi.splet.arnes.si\/?p=18677"},"modified":"2024-10-21T11:37:56","modified_gmt":"2024-10-21T09:37:56","slug":"izjemen-uspeh-ucenk-na-likovnem-natecaju-pocutim-se-modro-in-trikotno-rumeno-in-okroglo","status":"publish","type":"post","link":"https:\/\/www.os-stari-trg-ok.si\/?p=18677","title":{"rendered":"Izjemen uspeh u\u010denk na likovnem nate\u010daju &#8220;Po\u010dutim se modro in trikotno \u2026 rumeno in okroglo&#8221;"},"content":{"rendered":"<p>V soboto, 12.10. smo se odpravili na prav poseben dogodek; Otvoritev razstave del, ki so bila izbrana na nate\u010daju <strong>&#8220;Po\u010dutim se modro in trikotno \u2026 rumeno in okroglo&#8221;, ki ga je organizirala <\/strong>Galerija Bo\u017eidar Jakac Kostanjevica na Krki. Razstava bo na ogled do 15.11.2024. To je bil prvi tovrstni likovni nate\u010daj za u\u010dence O\u0160, na temo abstraktne umetnosti, kjer so ustvarjalci skozi barve in oblike izra\u017eali svoja \u010dustva. Nate\u010daj je bil povezan s tremi pomembnimi razstavami, ki so posve\u010dene likovnim pedagogom, mi pa smo navdih na\u0161li na&nbsp; retrospektivni razstavi Jo\u017eeta Marin\u010da v Veliki galeriji.<\/p>\n<p>Dve u\u010denki O\u0160 Stari trg ob Kolpi, Nina Vukeli\u010d in Sara Kastelec, sta se izkazali s svojimi izjemnimi deli, saj sta bili izbrani za postavitev del na razstavo, z nami pa se je v Kostanjevico odpravila tudi Jana Vukeli\u010d. Sara je dosegla \u0161e poseben uspeh in osvojila <strong>drugo nagrado<\/strong>! Zato jo \u010daka \u0161e prav poseben dan in sicer se bo skupaj z mentorico odpravila na u\u010dne ure slikanja pri akademskemu slikarju Jo\u017eetu Marin\u010du. Tudi ostali u\u010denci, ki so sodelovali na nate\u010daju, so v svojih delih uspe\u0161no ujeli bistvo abstraktne umetnosti in preko barv ter oblik izrazili \u010dustva. Ugotovili smo tudi, da abstraktna umetnost spodbuja ustvarjalnost, saj ne omejuje z realisti\u010dnimi podobami, temve\u010d omogo\u010da izra\u017eanje \u010dustev na svobodnej\u0161i na\u010din, ki ga lahko vsakdo razume. Prav to je bil tudi namen nate\u010daja \u2013 dati u\u010dencem prostor za izra\u017eanje, kjer se lahko prepustijo svoji domi\u0161ljiji in ustvarjalnemu izrazu.<\/p>\n<p>Po otvoritvi razstave so v galeriji za nas pripravili \u0161e voden ogled ter zelo zanimivo delavnico gestualnega slikanja na velike formate, v kateri smo vsi zelo u\u017eivali.&nbsp;<\/p>\n<p>\u010cestitke vsem sodelujo\u010dim! Mentorica je ponosna in se bo \u0161e naprej trudila, ter spodbujala mlade ustvarjalce na njihovi poti k umetni\u0161kemu izra\u017eanju!<\/p>\n<p>Tamara Pintari\u010d<\/p>\n<p><img decoding=\"async\" src=\"https:\/\/www.os-stari-trg-ok.si\/files\/2024\/10\/20241012_102253-scaled.jpg\"><\/p>\n<p><img decoding=\"async\" src=\"https:\/\/www.os-stari-trg-ok.si\/files\/2024\/10\/20241012_104158-scaled.jpg\"><\/p>\n<p><img decoding=\"async\" src=\"https:\/\/www.os-stari-trg-ok.si\/files\/2024\/10\/20241012_113300-scaled.jpg\"><\/p>\n<p><img decoding=\"async\" src=\"https:\/\/www.os-stari-trg-ok.si\/files\/2024\/10\/20241012_113313-scaled.jpg\"><\/p>\n<p><img decoding=\"async\" src=\"https:\/\/www.os-stari-trg-ok.si\/files\/2024\/10\/20241012_115745-scaled.jpg\"><\/p>\n<p><img decoding=\"async\" src=\"https:\/\/www.os-stari-trg-ok.si\/files\/2024\/10\/20241012_121212-scaled.jpg\"><\/p>\n<p><img decoding=\"async\" src=\"https:\/\/www.os-stari-trg-ok.si\/files\/2024\/10\/20241012_121420-scaled.jpg\"><\/p>\n<p><img decoding=\"async\" src=\"https:\/\/www.os-stari-trg-ok.si\/files\/2024\/10\/20241012_122755-scaled.jpg\"><\/p>\n<p><img decoding=\"async\" src=\"https:\/\/www.os-stari-trg-ok.si\/files\/2024\/10\/20241012_122806-scaled.jpg\"><\/p>\n<p><img decoding=\"async\" src=\"https:\/\/www.os-stari-trg-ok.si\/files\/2024\/10\/20241012_122813-scaled.jpg\"><\/p>\n<p><img decoding=\"async\" src=\"https:\/\/www.os-stari-trg-ok.si\/files\/2024\/10\/20241012_122819-scaled.jpg\"><\/p>\n","protected":false},"excerpt":{"rendered":"<p>V soboto, 12.10. smo se odpravili na prav poseben dogodek; Otvoritev razstave del, ki so bila izbrana na nate\u010daju &#8220;Po\u010dutim se modro in trikotno \u2026 rumeno in okroglo&#8221;, ki ga [&hellip;]<\/p>\n","protected":false},"author":91022,"featured_media":18680,"comment_status":"closed","ping_status":"closed","sticky":false,"template":"","format":"standard","meta":{"ngg_post_thumbnail":0,"footnotes":""},"categories":[93,19],"tags":[],"class_list":["post-18677","post","type-post","status-publish","format-standard","has-post-thumbnail","hentry","category-arhiv-za-solsko-leto-2024-2025","category-c44-dogodki"],"_links":{"self":[{"href":"https:\/\/www.os-stari-trg-ok.si\/index.php?rest_route=\/wp\/v2\/posts\/18677","targetHints":{"allow":["GET"]}}],"collection":[{"href":"https:\/\/www.os-stari-trg-ok.si\/index.php?rest_route=\/wp\/v2\/posts"}],"about":[{"href":"https:\/\/www.os-stari-trg-ok.si\/index.php?rest_route=\/wp\/v2\/types\/post"}],"author":[{"embeddable":true,"href":"https:\/\/www.os-stari-trg-ok.si\/index.php?rest_route=\/wp\/v2\/users\/91022"}],"replies":[{"embeddable":true,"href":"https:\/\/www.os-stari-trg-ok.si\/index.php?rest_route=%2Fwp%2Fv2%2Fcomments&post=18677"}],"version-history":[{"count":4,"href":"https:\/\/www.os-stari-trg-ok.si\/index.php?rest_route=\/wp\/v2\/posts\/18677\/revisions"}],"predecessor-version":[{"id":18695,"href":"https:\/\/www.os-stari-trg-ok.si\/index.php?rest_route=\/wp\/v2\/posts\/18677\/revisions\/18695"}],"wp:featuredmedia":[{"embeddable":true,"href":"https:\/\/www.os-stari-trg-ok.si\/index.php?rest_route=\/wp\/v2\/media\/18680"}],"wp:attachment":[{"href":"https:\/\/www.os-stari-trg-ok.si\/index.php?rest_route=%2Fwp%2Fv2%2Fmedia&parent=18677"}],"wp:term":[{"taxonomy":"category","embeddable":true,"href":"https:\/\/www.os-stari-trg-ok.si\/index.php?rest_route=%2Fwp%2Fv2%2Fcategories&post=18677"},{"taxonomy":"post_tag","embeddable":true,"href":"https:\/\/www.os-stari-trg-ok.si\/index.php?rest_route=%2Fwp%2Fv2%2Ftags&post=18677"}],"curies":[{"name":"wp","href":"https:\/\/api.w.org\/{rel}","templated":true}]}}