{"id":18696,"date":"2024-10-25T13:39:49","date_gmt":"2024-10-25T11:39:49","guid":{"rendered":"https:\/\/staritrgobkolpi.splet.arnes.si\/?p=18696"},"modified":"2025-04-24T13:04:18","modified_gmt":"2025-04-24T11:04:18","slug":"startup-vikend","status":"publish","type":"post","link":"https:\/\/www.os-stari-trg-ok.si\/?p=18696","title":{"rendered":"Startup vikend"},"content":{"rendered":"<p class=\"western\">V petek in soboto, 18. in 19. 10., so se u\u010denci podjetni\u0161kega kro\u017eka udele\u017eila Startup vikenda 2024, ki sta ga v soorganizirala Podjetni\u0161ki inkubator Bela krajina in Srednja \u0161ola \u010crnomelj. Aktivnost je potekala pod okriljem projekta Mladim se dogaja.<\/p>\n<p class=\"western\">67 udele\u017eencev je bilo razdeljenih v 15 ekip. Udele\u017eenci so razvijali svoje podjetni\u0161ke ideje, ki so jih na koncu predstavili pred tri\u010dlansko komisijo. Glavni namen sodelovanja na tekmovanju je bil predvsem spodbujanje mladih k razvijanju podjetni\u0161kega razmi\u0161ljanja, inovativnosti in kreativnosti. Tekmovanje je hkrati tudi prilo\u017enost, da mladi predstavijo svoje ideje, razvijejo podjetni\u0161ke projekte ter se preizkusijo v realnem poslovnem svetu.<\/p>\n<p class=\"western\">Aktivnosti podjetni\u0161kega kro\u017eka omogo\u010da javna agencija SPIRIT Slovenija s finan\u010dno podporo Ministrstva za gospodarstvo, turizem in \u0161port.<\/p>\n<p><img decoding=\"async\" src=\"https:\/\/www.os-stari-trg-ok.si\/files\/2024\/10\/Slika1.jpg\"><\/p>\n<p><img loading=\"lazy\" decoding=\"async\" class=\"\" src=\"https:\/\/www.os-stari-trg-ok.si\/files\/2024\/10\/Slika-2.jpg\" width=\"570\" height=\"773\"><\/p>\n<p><img loading=\"lazy\" decoding=\"async\" class=\"\" src=\"https:\/\/www.os-stari-trg-ok.si\/files\/2024\/10\/Slika-3.jpg\" width=\"570\" height=\"770\"><\/p>\n<p><img decoding=\"async\" src=\"https:\/\/www.os-stari-trg-ok.si\/files\/2024\/10\/Slika-4.jpg\"><\/p>\n<p><img decoding=\"async\" src=\"https:\/\/www.os-stari-trg-ok.si\/files\/2024\/10\/Slika-5-scaled.jpg\"><\/p>\n<p><img decoding=\"async\" src=\"https:\/\/www.os-stari-trg-ok.si\/files\/2024\/10\/Slika-6-scaled.jpg\"><\/p>\n","protected":false},"excerpt":{"rendered":"<p>V petek in soboto, 18. in 19. 10., so se u\u010denci podjetni\u0161kega kro\u017eka udele\u017eila Startup vikenda 2024, ki sta ga v soorganizirala Podjetni\u0161ki inkubator Bela krajina in Srednja \u0161ola \u010crnomelj. [&hellip;]<\/p>\n","protected":false},"author":91022,"featured_media":18701,"comment_status":"closed","ping_status":"closed","sticky":false,"template":"","format":"standard","meta":{"ngg_post_thumbnail":0,"footnotes":""},"categories":[93,19],"tags":[],"class_list":["post-18696","post","type-post","status-publish","format-standard","has-post-thumbnail","hentry","category-arhiv-za-solsko-leto-2024-2025","category-c44-dogodki"],"_links":{"self":[{"href":"https:\/\/www.os-stari-trg-ok.si\/index.php?rest_route=\/wp\/v2\/posts\/18696","targetHints":{"allow":["GET"]}}],"collection":[{"href":"https:\/\/www.os-stari-trg-ok.si\/index.php?rest_route=\/wp\/v2\/posts"}],"about":[{"href":"https:\/\/www.os-stari-trg-ok.si\/index.php?rest_route=\/wp\/v2\/types\/post"}],"author":[{"embeddable":true,"href":"https:\/\/www.os-stari-trg-ok.si\/index.php?rest_route=\/wp\/v2\/users\/91022"}],"replies":[{"embeddable":true,"href":"https:\/\/www.os-stari-trg-ok.si\/index.php?rest_route=%2Fwp%2Fv2%2Fcomments&post=18696"}],"version-history":[{"count":4,"href":"https:\/\/www.os-stari-trg-ok.si\/index.php?rest_route=\/wp\/v2\/posts\/18696\/revisions"}],"predecessor-version":[{"id":20052,"href":"https:\/\/www.os-stari-trg-ok.si\/index.php?rest_route=\/wp\/v2\/posts\/18696\/revisions\/20052"}],"wp:featuredmedia":[{"embeddable":true,"href":"https:\/\/www.os-stari-trg-ok.si\/index.php?rest_route=\/wp\/v2\/media\/18701"}],"wp:attachment":[{"href":"https:\/\/www.os-stari-trg-ok.si\/index.php?rest_route=%2Fwp%2Fv2%2Fmedia&parent=18696"}],"wp:term":[{"taxonomy":"category","embeddable":true,"href":"https:\/\/www.os-stari-trg-ok.si\/index.php?rest_route=%2Fwp%2Fv2%2Fcategories&post=18696"},{"taxonomy":"post_tag","embeddable":true,"href":"https:\/\/www.os-stari-trg-ok.si\/index.php?rest_route=%2Fwp%2Fv2%2Ftags&post=18696"}],"curies":[{"name":"wp","href":"https:\/\/api.w.org\/{rel}","templated":true}]}}