{"id":18738,"date":"2024-11-05T08:30:27","date_gmt":"2024-11-05T07:30:27","guid":{"rendered":"https:\/\/staritrgobkolpi.splet.arnes.si\/?p=18738"},"modified":"2024-11-05T10:52:13","modified_gmt":"2024-11-05T09:52:13","slug":"dan-reformacije-in-dan-spomina-na-mrtve","status":"publish","type":"post","link":"https:\/\/www.os-stari-trg-ok.si\/?p=18738","title":{"rendered":"DAN REFORMACIJE IN DAN SPOMINA NA MRTVE"},"content":{"rendered":"<p>Jesen je \u010das, ko narava oble\u010de svoje najlep\u0161e barve in nam poka\u017ee, kako \u010darobno je lahko prepu\u0161\u010danje spremembam.<\/p>\n<p>V sklopu priprave na praznike smo se u\u010denci 1. in 2. razreda lotili izdelave sve\u010dk na kamen\u010dkih, ki sedaj \u017ee krasijo grobove na\u0161ih najdra\u017ejih. S tem smo izrazili spo\u0161tovanje in ohranili spomin nanje.&nbsp; Vsaka sve\u010dka na kamen\u010dku je bila unikatna in smo se trudili, da smo jih lepo oblikovali.<\/p>\n<p>Poleg tega smo se preizkusili v pisanju s peresom, kar nam je omogo\u010dilo, da smo do\u017eiveli, kako je bilo pisati neko\u010d. Vsi smo se trudili, da bi ohranili lepo pisavo, in ob tem smo se zabavali ob izzivu. Pogovori o reformaciji in zgodovini prve knjige so nas popeljali v pomembne trenutke preteklosti. Spoznali smo, kako so ti dogodki vplivali na razvoj na\u0161e dru\u017ebe in kulture.<\/p>\n<p>U\u010diteljici sta nam pripravili tudi kami\u0161ibaj predstavo \u2013 Je\u017eek Jan\u010dek.<\/p>\n<p>Vse te dejavnosti so nas povezale s tradicijo in napolnile s toplino in ob\u010dutkom skupnosti.<\/p>\n<p><img decoding=\"async\" src=\"https:\/\/www.os-stari-trg-ok.si\/files\/2024\/11\/IMG_1993-scaled.jpg\"><\/p>\n<p><img decoding=\"async\" src=\"https:\/\/www.os-stari-trg-ok.si\/files\/2024\/11\/IMG_2009-scaled.jpg\"><\/p>\n<p><img decoding=\"async\" src=\"https:\/\/www.os-stari-trg-ok.si\/files\/2024\/11\/IMG_2016-scaled.jpg\"><\/p>\n<p><img decoding=\"async\" src=\"https:\/\/www.os-stari-trg-ok.si\/files\/2024\/11\/IMG_2017-scaled.jpg\"><\/p>\n<p><img decoding=\"async\" src=\"https:\/\/www.os-stari-trg-ok.si\/files\/2024\/11\/IMG_1988-scaled.jpg\"><\/p>\n","protected":false},"excerpt":{"rendered":"<p>Jesen je \u010das, ko narava oble\u010de svoje najlep\u0161e barve in nam poka\u017ee, kako \u010darobno je lahko prepu\u0161\u010danje spremembam. V sklopu priprave na praznike smo se u\u010denci 1. in 2. razreda [&hellip;]<\/p>\n","protected":false},"author":91022,"featured_media":18743,"comment_status":"closed","ping_status":"closed","sticky":false,"template":"","format":"standard","meta":{"ngg_post_thumbnail":0,"footnotes":""},"categories":[93,19],"tags":[],"class_list":["post-18738","post","type-post","status-publish","format-standard","has-post-thumbnail","hentry","category-arhiv-za-solsko-leto-2024-2025","category-c44-dogodki"],"_links":{"self":[{"href":"https:\/\/www.os-stari-trg-ok.si\/index.php?rest_route=\/wp\/v2\/posts\/18738","targetHints":{"allow":["GET"]}}],"collection":[{"href":"https:\/\/www.os-stari-trg-ok.si\/index.php?rest_route=\/wp\/v2\/posts"}],"about":[{"href":"https:\/\/www.os-stari-trg-ok.si\/index.php?rest_route=\/wp\/v2\/types\/post"}],"author":[{"embeddable":true,"href":"https:\/\/www.os-stari-trg-ok.si\/index.php?rest_route=\/wp\/v2\/users\/91022"}],"replies":[{"embeddable":true,"href":"https:\/\/www.os-stari-trg-ok.si\/index.php?rest_route=%2Fwp%2Fv2%2Fcomments&post=18738"}],"version-history":[{"count":2,"href":"https:\/\/www.os-stari-trg-ok.si\/index.php?rest_route=\/wp\/v2\/posts\/18738\/revisions"}],"predecessor-version":[{"id":18747,"href":"https:\/\/www.os-stari-trg-ok.si\/index.php?rest_route=\/wp\/v2\/posts\/18738\/revisions\/18747"}],"wp:featuredmedia":[{"embeddable":true,"href":"https:\/\/www.os-stari-trg-ok.si\/index.php?rest_route=\/wp\/v2\/media\/18743"}],"wp:attachment":[{"href":"https:\/\/www.os-stari-trg-ok.si\/index.php?rest_route=%2Fwp%2Fv2%2Fmedia&parent=18738"}],"wp:term":[{"taxonomy":"category","embeddable":true,"href":"https:\/\/www.os-stari-trg-ok.si\/index.php?rest_route=%2Fwp%2Fv2%2Fcategories&post=18738"},{"taxonomy":"post_tag","embeddable":true,"href":"https:\/\/www.os-stari-trg-ok.si\/index.php?rest_route=%2Fwp%2Fv2%2Ftags&post=18738"}],"curies":[{"name":"wp","href":"https:\/\/api.w.org\/{rel}","templated":true}]}}