{"id":18794,"date":"2024-11-12T09:01:01","date_gmt":"2024-11-12T08:01:01","guid":{"rendered":"https:\/\/staritrgobkolpi.splet.arnes.si\/?p=18794"},"modified":"2024-11-12T09:08:08","modified_gmt":"2024-11-12T08:08:08","slug":"otroci-vrtca-stari-trg-ob-kolpi-pri-domacih-zivalih-v-radencih","status":"publish","type":"post","link":"https:\/\/www.os-stari-trg-ok.si\/?p=18794","title":{"rendered":"Otroci vrtca Stari trg ob Kolpi pri doma\u010dih \u017eivalih v Radencih"},"content":{"rendered":"<p style=\"text-align: justify;background: white\"><span style=\"font-size: 10.0pt;font-family: 'Verdana',sans-serif;color: #222222\">V petek, 8. novembra, so Pol\u017eki in Pikapolonice pre\u017eiveli dve uri na doma\u010diji Njivenski, v Radencih ob Kolpi. Ob prihodu so nas gostitelji dru\u017eine Lindi\u010d prijazno nagovorili in predstavili \u017eivali, ki&nbsp; \u017eivijo na kmetiji. V nadaljevanju pa so otroci tudi zares spoznavali koze, osla, ponija, koko\u0161i, ra\u010dke, nanduje, tako, da so jim dajali koren\u010dek in jabolka in jih tudi bo\u017eali. Na koncu pa je vsak otrok vodil tudi svojo alpako. Alpake po imenu Pika, Avgusta, Bobi in Poki so bile prijazne spremljevalke otrok.&nbsp; Sicer so to \u017eivali iz dru\u017eine kamel in prihajajo iz Ju\u017ene Amerike. Dru\u017eenje z \u017eivalmi je otrokom vzbudilo ob\u010dutke odgovornosti in so\u010dutja. Preden so se odpeljali nazaj v vrtec smo se vsi posladkali z doma pripravljenim sokom, \u010dajem ter doma\u010dim pecivom. Dan na doma\u010diji je bil pou\u010den in zabaven, otroci pa so se vrnili polni lepih vtisov in novih izku\u0161enj.<\/span><\/p>\n<p style=\"text-align: justify;background: white\"><span style=\"font-size: 10.0pt;font-family: 'Verdana',sans-serif;color: #222222\">&nbsp;<\/span><\/p>\n<p style=\"text-align: justify;background: white\"><span style=\"font-size: 10.0pt;font-family: 'Verdana',sans-serif;color: #222222\">Vir: VVE pri O\u0160 Stari trg ob Kolpi<\/span><\/p>\nngg_shortcode_0_placeholder\n<p>&nbsp;<\/p>\n<p>&nbsp;<\/p>\n<p>&nbsp;<\/p>\n<p>&nbsp;<\/p>\n<p>&nbsp;<\/p>\n<p>&nbsp;<\/p>\n<p>&nbsp;<\/p>\n<p>&nbsp;<\/p>\n","protected":false},"excerpt":{"rendered":"<p>V petek, 8. novembra, so Pol\u017eki in Pikapolonice pre\u017eiveli dve uri na doma\u010diji Njivenski, v Radencih ob Kolpi. Ob prihodu so nas gostitelji dru\u017eine Lindi\u010d prijazno nagovorili in predstavili \u017eivali, [&hellip;]<\/p>\n","protected":false},"author":91022,"featured_media":18802,"comment_status":"closed","ping_status":"closed","sticky":false,"template":"","format":"standard","meta":{"ngg_post_thumbnail":0,"footnotes":""},"categories":[19,94],"tags":[],"class_list":["post-18794","post","type-post","status-publish","format-standard","has-post-thumbnail","hentry","category-c44-dogodki","category-dogodki-v-vrtcu-2024-25"],"_links":{"self":[{"href":"https:\/\/www.os-stari-trg-ok.si\/index.php?rest_route=\/wp\/v2\/posts\/18794","targetHints":{"allow":["GET"]}}],"collection":[{"href":"https:\/\/www.os-stari-trg-ok.si\/index.php?rest_route=\/wp\/v2\/posts"}],"about":[{"href":"https:\/\/www.os-stari-trg-ok.si\/index.php?rest_route=\/wp\/v2\/types\/post"}],"author":[{"embeddable":true,"href":"https:\/\/www.os-stari-trg-ok.si\/index.php?rest_route=\/wp\/v2\/users\/91022"}],"replies":[{"embeddable":true,"href":"https:\/\/www.os-stari-trg-ok.si\/index.php?rest_route=%2Fwp%2Fv2%2Fcomments&post=18794"}],"version-history":[{"count":5,"href":"https:\/\/www.os-stari-trg-ok.si\/index.php?rest_route=\/wp\/v2\/posts\/18794\/revisions"}],"predecessor-version":[{"id":18818,"href":"https:\/\/www.os-stari-trg-ok.si\/index.php?rest_route=\/wp\/v2\/posts\/18794\/revisions\/18818"}],"wp:featuredmedia":[{"embeddable":true,"href":"https:\/\/www.os-stari-trg-ok.si\/index.php?rest_route=\/wp\/v2\/media\/18802"}],"wp:attachment":[{"href":"https:\/\/www.os-stari-trg-ok.si\/index.php?rest_route=%2Fwp%2Fv2%2Fmedia&parent=18794"}],"wp:term":[{"taxonomy":"category","embeddable":true,"href":"https:\/\/www.os-stari-trg-ok.si\/index.php?rest_route=%2Fwp%2Fv2%2Fcategories&post=18794"},{"taxonomy":"post_tag","embeddable":true,"href":"https:\/\/www.os-stari-trg-ok.si\/index.php?rest_route=%2Fwp%2Fv2%2Ftags&post=18794"}],"curies":[{"name":"wp","href":"https:\/\/api.w.org\/{rel}","templated":true}]}}