{"id":19090,"date":"2024-11-26T10:01:49","date_gmt":"2024-11-26T09:01:49","guid":{"rendered":"https:\/\/staritrgobkolpi.splet.arnes.si\/?p=19090"},"modified":"2024-11-27T09:48:29","modified_gmt":"2024-11-27T08:48:29","slug":"barvito-ustvarjanje-pod-mentorstvom-akademskega-slikarja","status":"publish","type":"post","link":"https:\/\/www.os-stari-trg-ok.si\/?p=19090","title":{"rendered":"Barvito ustvarjanje pod mentorstvom akademskega slikarja"},"content":{"rendered":"<p>V petek, 22. novembra, smo se dve u\u010denki na\u0161e \u0161ole, Sara Kastelec in Nina Vukeli\u010d, v spremstvu mentorice Tamare Pintari\u010d, ponovno odpravile v Kostanjevico na Krki, kjer smo obiskale eno najve\u010djih in najpomembnej\u0161ih galerij v Sloveniji, Galerijo Bo\u017eidarja Jakca. Ta galerija je poznana po svoji bogati zbirki moderne in sodobne umetnosti ter edinstvenem ambientu, saj se nahaja v nekdanjem samostanu z dolgo zgodovino. Poleg stalnih zbirk gostijo \u0161tevilne razstave priznanih slovenskih in tujih umetnikov, kar jo uvr\u0161\u010da med vodilne umetni\u0161ke ustanove pri nas. Pot nas je naprej vodila \u010dez zasne\u017eeno Vrhgoro, preko zelenih travnikov vse do \u017eare\u010dega son\u010dnega zahoda pod Gorjanci, ter vedno znova dih jemajo\u010de galerije. Barve narave so nas navdihovale celo pot, kar se tudi vidi v na\u0161ih kon\u010dnih slikah.<\/p>\n<p>Tokrat nas je tam \u010dakalo prav posebno do\u017eivetje \u2013 nagradna delavnica z akademskim slikarjem Jo\u017eetom Marin\u010dem. Dogodek je bil organiziran ob zaprtju njegove pregledne razstave, kjer so bile razstavljene njegove gestualne, abstraktne slike. Hkrati je bil to tudi zaklju\u010dek likovnega nate\u010daja z naslovom <em>Po\u010dutim se modro in okroglo, rumeno in trikotno<\/em>, ki je bil navdihnjen prav z Marin\u010devimi deli.<\/p>\n<p>Na delavnici smo skupaj z umetnikom raziskovali pomen barv, oblik in potez ter skozi ustvarjanje preizkusili razli\u010dne tehnike, ki jih Marin\u010d mojstrsko uporablja v svojih slikah. Najbolj zanimivo je bilo vodilo, da ustvarjamo brez \u010dopi\u010dev. U\u010denki sta se navdu\u0161ili nad mo\u017enostjo sodelovanja z umetnikom in obogatili svoje znanje o abstraktnem slikarstvu.<\/p>\n<p>Za piko na i pa nas je \u010dakala \u0161e otvoritev in voden ogled nove razstave z naslovom <em>Oddaljen pogled: Nova stvarnost in realizmi v Srednji Evropi, med leti 1925 in 1933<\/em>, ki raziskuje umetni\u0161ke tokove tega obdobja po prvi svetovni vojni. Razstava prina\u0161a vpogled v umetnost novega realizma, ki odseva dru\u017ebene pretrese \u010dasa in vklju\u010duje dela ve\u010d kot 80 umetnikov iz \u0161ir\u0161e srednjeevropske regije. Predstavlja slike, fotografije, skulpture in gafike, posojene iz uglednih muzejev in galerij, ter velja za najobse\u017enej\u0161o razstav v zgodovini galerije.<\/p>\n<p>Obisk Galerije Bo\u017eidarja Jakca in sodelovanje na delavnici z Jo\u017eetom Marin\u010dem sta bila neprecenljiva izku\u0161nja, ki nam bo ostala v zelo lepem spominu. Prav tako pa smo ponosne, da smo lahko s svojim delom prispevale k zaklju\u010dku tako pomembnega kulturnega dogodka.<\/p>\n<p>Tamara Pintari\u010d<\/p>\nngg_shortcode_0_placeholder\n","protected":false},"excerpt":{"rendered":"<p>V petek, 22. novembra, smo se dve u\u010denki na\u0161e \u0161ole, Sara Kastelec in Nina Vukeli\u010d, v spremstvu mentorice Tamare Pintari\u010d, ponovno odpravile v Kostanjevico na Krki, kjer smo obiskale eno [&hellip;]<\/p>\n","protected":false},"author":91022,"featured_media":19104,"comment_status":"closed","ping_status":"closed","sticky":false,"template":"","format":"standard","meta":{"ngg_post_thumbnail":0,"footnotes":""},"categories":[93,19],"tags":[],"class_list":["post-19090","post","type-post","status-publish","format-standard","has-post-thumbnail","hentry","category-arhiv-za-solsko-leto-2024-2025","category-c44-dogodki"],"_links":{"self":[{"href":"https:\/\/www.os-stari-trg-ok.si\/index.php?rest_route=\/wp\/v2\/posts\/19090","targetHints":{"allow":["GET"]}}],"collection":[{"href":"https:\/\/www.os-stari-trg-ok.si\/index.php?rest_route=\/wp\/v2\/posts"}],"about":[{"href":"https:\/\/www.os-stari-trg-ok.si\/index.php?rest_route=\/wp\/v2\/types\/post"}],"author":[{"embeddable":true,"href":"https:\/\/www.os-stari-trg-ok.si\/index.php?rest_route=\/wp\/v2\/users\/91022"}],"replies":[{"embeddable":true,"href":"https:\/\/www.os-stari-trg-ok.si\/index.php?rest_route=%2Fwp%2Fv2%2Fcomments&post=19090"}],"version-history":[{"count":3,"href":"https:\/\/www.os-stari-trg-ok.si\/index.php?rest_route=\/wp\/v2\/posts\/19090\/revisions"}],"predecessor-version":[{"id":19111,"href":"https:\/\/www.os-stari-trg-ok.si\/index.php?rest_route=\/wp\/v2\/posts\/19090\/revisions\/19111"}],"wp:featuredmedia":[{"embeddable":true,"href":"https:\/\/www.os-stari-trg-ok.si\/index.php?rest_route=\/wp\/v2\/media\/19104"}],"wp:attachment":[{"href":"https:\/\/www.os-stari-trg-ok.si\/index.php?rest_route=%2Fwp%2Fv2%2Fmedia&parent=19090"}],"wp:term":[{"taxonomy":"category","embeddable":true,"href":"https:\/\/www.os-stari-trg-ok.si\/index.php?rest_route=%2Fwp%2Fv2%2Fcategories&post=19090"},{"taxonomy":"post_tag","embeddable":true,"href":"https:\/\/www.os-stari-trg-ok.si\/index.php?rest_route=%2Fwp%2Fv2%2Ftags&post=19090"}],"curies":[{"name":"wp","href":"https:\/\/api.w.org\/{rel}","templated":true}]}}