{"id":19290,"date":"2025-01-06T11:43:52","date_gmt":"2025-01-06T10:43:52","guid":{"rendered":"https:\/\/staritrgobkolpi.splet.arnes.si\/?p=19290"},"modified":"2025-01-06T11:44:13","modified_gmt":"2025-01-06T10:44:13","slug":"veseli-december-v-vrtcu-stari-trg-ob-kolpi","status":"publish","type":"post","link":"https:\/\/www.os-stari-trg-ok.si\/?p=19290","title":{"rendered":"Veseli december v vrtcu Stari trg ob Kolpi"},"content":{"rendered":"<p>V mesecu decembru smo v na\u0161em vrtcu u\u017eivali v \u0161tevilnih prazni\u010dnih dejavnostih, ki so nas napolnile z veseljem in toplino. Skupaj z otroki in star\u0161i smo izvedli ustvarjalno delavnico, kjer smo izdelovali bo\u017ei\u010dno-novoletne okraske ter laterne za na\u0161 tradicionalni pohod. Dru\u017eenje je bilo spro\u0161\u010deno in prijetno.<\/p>\n<p>Kasneje smo skupaj s starimi star\u0161i pekli pi\u0161kote. Najprej smo se lotili peke, nato pa smo se ob sladkih dobrotah prijetno pogovarjali in dru\u017eili. Na\u0161e dru\u017eenje je s svojim obiskom po\u010dastil tudi ravnatelj, ki je toplo pozdravil tako star\u0161e kot otroke.<\/p>\n<p>Ena od najlep\u0161ih dejavnosti je bil pohod z lu\u010dkami, ki smo jih izdelali na delavnici v za\u010detku meseca. Zbrali smo se pred vrtcem, se pogostili s \u010dajem in doma\u010dimi pi\u0161koti, nato pa se s svetle\u010dimi laternami podali na pohod okoli Starega trga ob Kolpi. Vse skupaj je bilo res \u010darobno in &#8220;lu\u010dkasto&#8221;.<\/p>\n<p>Medtem smo pridno vadili ples in recitacijo za na\u0161 nastop ter veliko brali in poslu\u0161ali zgodbe, ki so bile primerne za prazni\u010dni \u010das. Obiskala nas je tudi gospa Ana iz Zdravstvenega doma \u010crnomelj, ki nas je prijazno opomnila, kako lahko tudi v prazni\u010dnem \u010dasu ohranjamo zdravo prehrano.<\/p>\n<p>Novoletni ples, ki so ga priredile vzgojiteljice, je bil prava poslastica, kuharici pa sta nas razvajali s slavnostnim kosilom, ki je bilo tako okusno kot tudi lepo pripravljeno.<\/p>\n<p>Veseli december smo zaklju\u010dili skupaj s \u0161olskimi otroki ter vsemi zaposlenimi na \u0161olski prireditvi. Obele\u017eili smo dan samostojnosti in enotnosti ter prazni\u010dno pri\u010dakali Bo\u017ei\u010dka. Otroci smo navdu\u0161ili z recitacijo in plesom, ki nas je v ritmih popeljal po celem svetu.<\/p>\n<p>December je bil poln lepih trenutkov, ki nam bodo \u0161e dolgo ostali v spominu.<\/p>\n<p>V novem letu pa vam \u017eelimo \u010dim ve\u010d tak\u0161nih razigranih, veselih, nasmejanih in igrivih dni! <strong>Sre\u010dno 2025!<\/strong><\/p>\n<p>Pikapolonice in Pol\u017eki z vzgojiteljicami<\/p>\nngg_shortcode_0_placeholder\n","protected":false},"excerpt":{"rendered":"<p>V mesecu decembru smo v na\u0161em vrtcu u\u017eivali v \u0161tevilnih prazni\u010dnih dejavnostih, ki so nas napolnile z veseljem in toplino. Skupaj z otroki in star\u0161i smo izvedli ustvarjalno delavnico, kjer [&hellip;]<\/p>\n","protected":false},"author":91022,"featured_media":19307,"comment_status":"closed","ping_status":"closed","sticky":false,"template":"","format":"standard","meta":{"ngg_post_thumbnail":0,"footnotes":""},"categories":[93,94],"tags":[],"class_list":["post-19290","post","type-post","status-publish","format-standard","has-post-thumbnail","hentry","category-arhiv-za-solsko-leto-2024-2025","category-dogodki-v-vrtcu-2024-25"],"_links":{"self":[{"href":"https:\/\/www.os-stari-trg-ok.si\/index.php?rest_route=\/wp\/v2\/posts\/19290","targetHints":{"allow":["GET"]}}],"collection":[{"href":"https:\/\/www.os-stari-trg-ok.si\/index.php?rest_route=\/wp\/v2\/posts"}],"about":[{"href":"https:\/\/www.os-stari-trg-ok.si\/index.php?rest_route=\/wp\/v2\/types\/post"}],"author":[{"embeddable":true,"href":"https:\/\/www.os-stari-trg-ok.si\/index.php?rest_route=\/wp\/v2\/users\/91022"}],"replies":[{"embeddable":true,"href":"https:\/\/www.os-stari-trg-ok.si\/index.php?rest_route=%2Fwp%2Fv2%2Fcomments&post=19290"}],"version-history":[{"count":3,"href":"https:\/\/www.os-stari-trg-ok.si\/index.php?rest_route=\/wp\/v2\/posts\/19290\/revisions"}],"predecessor-version":[{"id":19308,"href":"https:\/\/www.os-stari-trg-ok.si\/index.php?rest_route=\/wp\/v2\/posts\/19290\/revisions\/19308"}],"wp:featuredmedia":[{"embeddable":true,"href":"https:\/\/www.os-stari-trg-ok.si\/index.php?rest_route=\/wp\/v2\/media\/19307"}],"wp:attachment":[{"href":"https:\/\/www.os-stari-trg-ok.si\/index.php?rest_route=%2Fwp%2Fv2%2Fmedia&parent=19290"}],"wp:term":[{"taxonomy":"category","embeddable":true,"href":"https:\/\/www.os-stari-trg-ok.si\/index.php?rest_route=%2Fwp%2Fv2%2Fcategories&post=19290"},{"taxonomy":"post_tag","embeddable":true,"href":"https:\/\/www.os-stari-trg-ok.si\/index.php?rest_route=%2Fwp%2Fv2%2Ftags&post=19290"}],"curies":[{"name":"wp","href":"https:\/\/api.w.org\/{rel}","templated":true}]}}