{"id":19309,"date":"2025-01-08T13:30:48","date_gmt":"2025-01-08T12:30:48","guid":{"rendered":"https:\/\/staritrgobkolpi.splet.arnes.si\/?p=19309"},"modified":"2025-01-15T11:20:17","modified_gmt":"2025-01-15T10:20:17","slug":"proslava-ob-dnevu-samostojnosti-in-enotnosti-ter-novoletna-prireditev","status":"publish","type":"post","link":"https:\/\/www.os-stari-trg-ok.si\/?p=19309","title":{"rendered":"Proslava ob dnevu samostojnosti in enotnosti ter novoletna prireditev"},"content":{"rendered":"<p>Leto je spet naokrog. Ob tej prilo\u017enosti smo na O\u0160 Stari trg ob Kolpi obele\u017eili spomin na zgodovinski dogodek Republike Slovenije, na plebiscit, ki je pomenil za\u010detek na\u0161e samostojne dr\u017eave. V mislih smo bili \u017ee v prihodu novega leta, ki naj bi vsem nam prineslo nove za\u010detke.<\/p>\n<p>U\u010denci in otroci z vrtca so pripravili \u0161tevilne deklamacije, igro, spro\u0161\u010deno vzdu\u0161je se je stopnjevalo s plesnimi in z glasbenimi nastopi. Nabito polna telovadnica je navdu\u0161eno spremljala vsako to\u010dko, kjer so se predstavili skoraj vsi u\u010denci. Ravnatelj Darjan Grudnik se je zahvalil u\u010dencem, star\u0161em in vsem donatorjem, da se je prireditev iztekla kot v pravljici. Za konec se je prikazal Bo\u017ei\u010dek, nagovoril navzo\u010de in vsakega najmlaj\u0161ega otroka obdaril.<\/p>\n<p>Kolektiv O\u0160 se zahvaljuje Svetu star\u0161ev O\u0160 Stari trg ob Kolpi pri pomo\u010di zbiranja sredstev za darila in vsem donatorjem za naklonjen \u010das, trud in darove.<\/p>\nngg_shortcode_0_placeholder\n","protected":false},"excerpt":{"rendered":"<p>Leto je spet naokrog. Ob tej prilo\u017enosti smo na O\u0160 Stari trg ob Kolpi obele\u017eili spomin na zgodovinski dogodek Republike Slovenije, na plebiscit, ki je pomenil za\u010detek na\u0161e samostojne dr\u017eave. [&hellip;]<\/p>\n","protected":false},"author":91022,"featured_media":19331,"comment_status":"closed","ping_status":"closed","sticky":false,"template":"","format":"standard","meta":{"ngg_post_thumbnail":0,"footnotes":""},"categories":[93,17,19],"tags":[],"class_list":["post-19309","post","type-post","status-publish","format-standard","has-post-thumbnail","hentry","category-arhiv-za-solsko-leto-2024-2025","category-dnevi-dejavnosti","category-c44-dogodki"],"_links":{"self":[{"href":"https:\/\/www.os-stari-trg-ok.si\/index.php?rest_route=\/wp\/v2\/posts\/19309","targetHints":{"allow":["GET"]}}],"collection":[{"href":"https:\/\/www.os-stari-trg-ok.si\/index.php?rest_route=\/wp\/v2\/posts"}],"about":[{"href":"https:\/\/www.os-stari-trg-ok.si\/index.php?rest_route=\/wp\/v2\/types\/post"}],"author":[{"embeddable":true,"href":"https:\/\/www.os-stari-trg-ok.si\/index.php?rest_route=\/wp\/v2\/users\/91022"}],"replies":[{"embeddable":true,"href":"https:\/\/www.os-stari-trg-ok.si\/index.php?rest_route=%2Fwp%2Fv2%2Fcomments&post=19309"}],"version-history":[{"count":3,"href":"https:\/\/www.os-stari-trg-ok.si\/index.php?rest_route=\/wp\/v2\/posts\/19309\/revisions"}],"predecessor-version":[{"id":19345,"href":"https:\/\/www.os-stari-trg-ok.si\/index.php?rest_route=\/wp\/v2\/posts\/19309\/revisions\/19345"}],"wp:featuredmedia":[{"embeddable":true,"href":"https:\/\/www.os-stari-trg-ok.si\/index.php?rest_route=\/wp\/v2\/media\/19331"}],"wp:attachment":[{"href":"https:\/\/www.os-stari-trg-ok.si\/index.php?rest_route=%2Fwp%2Fv2%2Fmedia&parent=19309"}],"wp:term":[{"taxonomy":"category","embeddable":true,"href":"https:\/\/www.os-stari-trg-ok.si\/index.php?rest_route=%2Fwp%2Fv2%2Fcategories&post=19309"},{"taxonomy":"post_tag","embeddable":true,"href":"https:\/\/www.os-stari-trg-ok.si\/index.php?rest_route=%2Fwp%2Fv2%2Ftags&post=19309"}],"curies":[{"name":"wp","href":"https:\/\/api.w.org\/{rel}","templated":true}]}}