{"id":19459,"date":"2025-02-07T12:50:28","date_gmt":"2025-02-07T11:50:28","guid":{"rendered":"https:\/\/staritrgobkolpi.splet.arnes.si\/?p=19459"},"modified":"2025-02-07T12:54:41","modified_gmt":"2025-02-07T11:54:41","slug":"proslava-za-presernov-dan","status":"publish","type":"post","link":"https:\/\/www.os-stari-trg-ok.si\/?p=19459","title":{"rendered":"Proslava za Pre\u0161ernov dan"},"content":{"rendered":"<p>V po\u010dastitev slovenskega kulturnega praznika je O\u0160 Stari trg ob Kolpi priredila proslavo Pre\u0161ernovanje 2025. V \u0161olski telovadnici so se zbrali star\u0161i in sodelavci \u0161ole in prisluhnili kulturnemu programu, v katerem so nastopili otro\u0161ki in mladinski pevski zbor, kulturno-umetni\u0161ki kro\u017eek z recitacijami in deklamacijami ter izbrani doma\u010dinki. Ravnatelj Darjan Grudnik je nagovoril vse zbrane z besedami: \u00bbKultura niso le pesmi in knjige. Kultura je na\u010din, kako se pogovarjamo drug z drugim, kako spo\u0161tujemo so\u010dloveka, kako izra\u017eamo svoje misli in \u010dustva.<\/p>\n<p>Naj bo dana\u0161nji dan prilo\u017enost, da se spomnimo, kako dragoceno je imeti svoj jezik, svojo zgodovino in svojo ustvarjalnost. Naj nas kultura povezuje in navdihuje, da gradimo lep\u0161i svet!\u00ab<\/p>\n<p>Otroci iz 4. razreda so zapeli Povodnega mo\u017ea v stilu repa in po\u017eeli imeniten aplavz. Vrh predstave je bil ske\u010d o Pre\u0161ernu in figah. Ob koncu prireditve, ki sta jo povezovali Jana Vukeli\u010d in Eva Kobe, so se vsi udele\u017eenci posladkali s pre\u0161ernovimi kroglicami, ki so jih u\u010denci sami oblikovali.<\/p>\n<p>Pre\u0161ernov dan je dan, ko prikli\u010dem vedrino na obraz in res so dvorano zapustili vsi pre\u0161erne volje.<\/p>\n<p>&nbsp;<\/p>\nngg_shortcode_0_placeholder\n<p>&nbsp;<\/p>\n","protected":false},"excerpt":{"rendered":"<p>V po\u010dastitev slovenskega kulturnega praznika je O\u0160 Stari trg ob Kolpi priredila proslavo Pre\u0161ernovanje 2025. V \u0161olski telovadnici so se zbrali star\u0161i in sodelavci \u0161ole in prisluhnili kulturnemu programu, v [&hellip;]<\/p>\n","protected":false},"author":91022,"featured_media":19526,"comment_status":"closed","ping_status":"closed","sticky":false,"template":"","format":"standard","meta":{"ngg_post_thumbnail":0,"footnotes":""},"categories":[93,19,94],"tags":[],"class_list":["post-19459","post","type-post","status-publish","format-standard","has-post-thumbnail","hentry","category-arhiv-za-solsko-leto-2024-2025","category-c44-dogodki","category-dogodki-v-vrtcu-2024-25"],"_links":{"self":[{"href":"https:\/\/www.os-stari-trg-ok.si\/index.php?rest_route=\/wp\/v2\/posts\/19459","targetHints":{"allow":["GET"]}}],"collection":[{"href":"https:\/\/www.os-stari-trg-ok.si\/index.php?rest_route=\/wp\/v2\/posts"}],"about":[{"href":"https:\/\/www.os-stari-trg-ok.si\/index.php?rest_route=\/wp\/v2\/types\/post"}],"author":[{"embeddable":true,"href":"https:\/\/www.os-stari-trg-ok.si\/index.php?rest_route=\/wp\/v2\/users\/91022"}],"replies":[{"embeddable":true,"href":"https:\/\/www.os-stari-trg-ok.si\/index.php?rest_route=%2Fwp%2Fv2%2Fcomments&post=19459"}],"version-history":[{"count":2,"href":"https:\/\/www.os-stari-trg-ok.si\/index.php?rest_route=\/wp\/v2\/posts\/19459\/revisions"}],"predecessor-version":[{"id":19527,"href":"https:\/\/www.os-stari-trg-ok.si\/index.php?rest_route=\/wp\/v2\/posts\/19459\/revisions\/19527"}],"wp:featuredmedia":[{"embeddable":true,"href":"https:\/\/www.os-stari-trg-ok.si\/index.php?rest_route=\/wp\/v2\/media\/19526"}],"wp:attachment":[{"href":"https:\/\/www.os-stari-trg-ok.si\/index.php?rest_route=%2Fwp%2Fv2%2Fmedia&parent=19459"}],"wp:term":[{"taxonomy":"category","embeddable":true,"href":"https:\/\/www.os-stari-trg-ok.si\/index.php?rest_route=%2Fwp%2Fv2%2Fcategories&post=19459"},{"taxonomy":"post_tag","embeddable":true,"href":"https:\/\/www.os-stari-trg-ok.si\/index.php?rest_route=%2Fwp%2Fv2%2Ftags&post=19459"}],"curies":[{"name":"wp","href":"https:\/\/api.w.org\/{rel}","templated":true}]}}