{"id":19533,"date":"2025-02-11T08:44:30","date_gmt":"2025-02-11T07:44:30","guid":{"rendered":"https:\/\/staritrgobkolpi.splet.arnes.si\/?p=19533"},"modified":"2025-02-11T08:49:58","modified_gmt":"2025-02-11T07:49:58","slug":"nasi-ucenci-na-proslavi-kulturnega-praznika","status":"publish","type":"post","link":"https:\/\/www.os-stari-trg-ok.si\/?p=19533","title":{"rendered":"Na\u0161i u\u010denci na ob\u010dinski proslavi"},"content":{"rendered":"<p>V petek, 7. 2. 2025, je v \u010crnomlju pod pokroviteljstvom Ob\u010dine \u010crnomelj in v organizaciji Obmo\u010dne izpostave JSKD \u010crnomelj potekala osrednja proslava ob kulturnem prazniku 2025. Na dogodku je \u017eupan ob\u010dine \u010crnomelj podelil \u017dupan\u010di\u010devo plaketo in pet diplom za leto 2024. V kulturnem programu proslave je ob \u0161tevilnih drugih to\u010dkah nastopil tudi Zdru\u017eeni mladinski pevski zbor Glasbene \u0160ole \u010crnomelj, O\u0160 Loka \u010crnomelj, O\u0160 Vinica, O\u0160 komandanta Staneta Dragatu\u0161, O\u0160 Mirana Jarca \u010crnomelj, Srednje \u0161ole \u010crnomelj in tudi na\u0161e \u0161ole. U\u010denci Mladinskega pevskega zbora na \u0161oli, ki ga vodi u\u010ditelj Mitja Leitig,&nbsp; Kimberly Ann, Jaka, Pika, Eva, Maru\u0161a, Jana, Sara in Nina, so pod vodstvom skupne zborovodkinje Judite Ileni\u010d Kopa\u010d zapeli tri pesmi. Zagotovo je bila to za na\u0161e u\u010dence \u010dudovita izku\u0161nja in vsi smo ponosni, da smo lahko tudi mi bili del prireditve.<\/p>\n<p>Ob tej priliki bi radi \u010destitali tudi vsem prejemnikom diplom in plaket, \u0161e posebej pa smo ponosni na Bernardo Frankovi\u010d, krajanko Starega trga ob Kolpi, ki je prejela diplomo za dolgoletno aktivno dru\u017ebeno delovanje in izjemne dose\u017eke na podro\u010dju kulture. Iskrene \u010destitke Bernarda.<\/p>\nngg_shortcode_0_placeholder\n","protected":false},"excerpt":{"rendered":"<p>V petek, 7. 2. 2025, je v \u010crnomlju pod pokroviteljstvom Ob\u010dine \u010crnomelj in v organizaciji Obmo\u010dne izpostave JSKD \u010crnomelj potekala osrednja proslava ob kulturnem prazniku 2025. Na dogodku je \u017eupan [&hellip;]<\/p>\n","protected":false},"author":91022,"featured_media":19535,"comment_status":"closed","ping_status":"closed","sticky":false,"template":"","format":"standard","meta":{"ngg_post_thumbnail":0,"footnotes":""},"categories":[93,19],"tags":[],"class_list":["post-19533","post","type-post","status-publish","format-standard","has-post-thumbnail","hentry","category-arhiv-za-solsko-leto-2024-2025","category-c44-dogodki"],"_links":{"self":[{"href":"https:\/\/www.os-stari-trg-ok.si\/index.php?rest_route=\/wp\/v2\/posts\/19533","targetHints":{"allow":["GET"]}}],"collection":[{"href":"https:\/\/www.os-stari-trg-ok.si\/index.php?rest_route=\/wp\/v2\/posts"}],"about":[{"href":"https:\/\/www.os-stari-trg-ok.si\/index.php?rest_route=\/wp\/v2\/types\/post"}],"author":[{"embeddable":true,"href":"https:\/\/www.os-stari-trg-ok.si\/index.php?rest_route=\/wp\/v2\/users\/91022"}],"replies":[{"embeddable":true,"href":"https:\/\/www.os-stari-trg-ok.si\/index.php?rest_route=%2Fwp%2Fv2%2Fcomments&post=19533"}],"version-history":[{"count":4,"href":"https:\/\/www.os-stari-trg-ok.si\/index.php?rest_route=\/wp\/v2\/posts\/19533\/revisions"}],"predecessor-version":[{"id":19542,"href":"https:\/\/www.os-stari-trg-ok.si\/index.php?rest_route=\/wp\/v2\/posts\/19533\/revisions\/19542"}],"wp:featuredmedia":[{"embeddable":true,"href":"https:\/\/www.os-stari-trg-ok.si\/index.php?rest_route=\/wp\/v2\/media\/19535"}],"wp:attachment":[{"href":"https:\/\/www.os-stari-trg-ok.si\/index.php?rest_route=%2Fwp%2Fv2%2Fmedia&parent=19533"}],"wp:term":[{"taxonomy":"category","embeddable":true,"href":"https:\/\/www.os-stari-trg-ok.si\/index.php?rest_route=%2Fwp%2Fv2%2Fcategories&post=19533"},{"taxonomy":"post_tag","embeddable":true,"href":"https:\/\/www.os-stari-trg-ok.si\/index.php?rest_route=%2Fwp%2Fv2%2Ftags&post=19533"}],"curies":[{"name":"wp","href":"https:\/\/api.w.org\/{rel}","templated":true}]}}