{"id":19667,"date":"2025-03-10T10:41:57","date_gmt":"2025-03-10T09:41:57","guid":{"rendered":"https:\/\/staritrgobkolpi.splet.arnes.si\/?p=19667"},"modified":"2025-03-10T10:41:57","modified_gmt":"2025-03-10T09:41:57","slug":"soncen-zakljucek-tedna","status":"publish","type":"post","link":"https:\/\/www.os-stari-trg-ok.si\/?p=19667","title":{"rendered":"Son\u010den zaklju\u010dek tedna"},"content":{"rendered":"<p>V petek, 7.3. so nas topli son\u010dni \u017earki priklicali, da smo z u\u010denci likovnega kro\u017eka O\u0160 Stari trg ob Kolpi, u\u010dilnico preselili kar na na\u0161 \u0161olski vrt. Nastale so \u010dudovite umetnine, navdihnjene z naravo, ki bodo prinesle veselje in toplino tudi na stene na\u0161e \u0161ole.<\/p>\n<p>Ob tem smo se skupaj z zaposlenimi in u\u010denci podali tudi v spomladansko obrezovanje, \u010di\u0161\u010denje in urejanje okolice. S skupnimi mo\u010dmi smo poskrbeli, da je okolica na\u0161e \u0161ole zasijala v novi lu\u010di. Tako u\u010denci kot tudi zaposleni u\u017eivamo v vsakem trenutku pre\u017eivetem na sve\u017eem zraku in hvale\u017eni smo, da imamo tak\u0161ne mo\u017enosti. Vsak dan se u\u010dimo novih stvari, se povezujemo in se imamo lepo. To je dokaz, da lahko prav vsi, majhni in veliki, prispevamo k temu, da dose\u017eemo \u010dudovite rezultate in ustvarimo prostor, v katerem se vsak po\u010duti dobrodo\u0161lo.<\/p>\nngg_shortcode_0_placeholder\n","protected":false},"excerpt":{"rendered":"<p>V petek, 7.3. so nas topli son\u010dni \u017earki priklicali, da smo z u\u010denci likovnega kro\u017eka O\u0160 Stari trg ob Kolpi, u\u010dilnico preselili kar na na\u0161 \u0161olski vrt. Nastale so \u010dudovite [&hellip;]<\/p>\n","protected":false},"author":91022,"featured_media":19677,"comment_status":"closed","ping_status":"closed","sticky":false,"template":"","format":"standard","meta":{"ngg_post_thumbnail":0,"footnotes":""},"categories":[93,19],"tags":[],"class_list":["post-19667","post","type-post","status-publish","format-standard","has-post-thumbnail","hentry","category-arhiv-za-solsko-leto-2024-2025","category-c44-dogodki"],"_links":{"self":[{"href":"https:\/\/www.os-stari-trg-ok.si\/index.php?rest_route=\/wp\/v2\/posts\/19667","targetHints":{"allow":["GET"]}}],"collection":[{"href":"https:\/\/www.os-stari-trg-ok.si\/index.php?rest_route=\/wp\/v2\/posts"}],"about":[{"href":"https:\/\/www.os-stari-trg-ok.si\/index.php?rest_route=\/wp\/v2\/types\/post"}],"author":[{"embeddable":true,"href":"https:\/\/www.os-stari-trg-ok.si\/index.php?rest_route=\/wp\/v2\/users\/91022"}],"replies":[{"embeddable":true,"href":"https:\/\/www.os-stari-trg-ok.si\/index.php?rest_route=%2Fwp%2Fv2%2Fcomments&post=19667"}],"version-history":[{"count":3,"href":"https:\/\/www.os-stari-trg-ok.si\/index.php?rest_route=\/wp\/v2\/posts\/19667\/revisions"}],"predecessor-version":[{"id":19678,"href":"https:\/\/www.os-stari-trg-ok.si\/index.php?rest_route=\/wp\/v2\/posts\/19667\/revisions\/19678"}],"wp:featuredmedia":[{"embeddable":true,"href":"https:\/\/www.os-stari-trg-ok.si\/index.php?rest_route=\/wp\/v2\/media\/19677"}],"wp:attachment":[{"href":"https:\/\/www.os-stari-trg-ok.si\/index.php?rest_route=%2Fwp%2Fv2%2Fmedia&parent=19667"}],"wp:term":[{"taxonomy":"category","embeddable":true,"href":"https:\/\/www.os-stari-trg-ok.si\/index.php?rest_route=%2Fwp%2Fv2%2Fcategories&post=19667"},{"taxonomy":"post_tag","embeddable":true,"href":"https:\/\/www.os-stari-trg-ok.si\/index.php?rest_route=%2Fwp%2Fv2%2Ftags&post=19667"}],"curies":[{"name":"wp","href":"https:\/\/api.w.org\/{rel}","templated":true}]}}