{"id":20273,"date":"2025-06-06T07:50:24","date_gmt":"2025-06-06T05:50:24","guid":{"rendered":"https:\/\/staritrgobkolpi.splet.arnes.si\/?p=20273"},"modified":"2025-06-06T07:52:17","modified_gmt":"2025-06-06T05:52:17","slug":"zakljucek-pravljicnega-potujocega-kovcka","status":"publish","type":"post","link":"https:\/\/www.os-stari-trg-ok.si\/?p=20273","title":{"rendered":"Zaklju\u010dek Pravlji\u010dnega potujo\u010dega kov\u010dka"},"content":{"rendered":"<p>Otroci iz vrtca ter u\u010denci 1. in 2. razreda na\u0161e \u0161ole so se z veseljem udele\u017eili zaklju\u010dne prireditve bralnega projekta <em>Pravlji\u010dni potujo\u010di kov\u010dek 2025<\/em>, ki je potekala v \u0161portni dvorani Mirana Jarca \u010crnomelj.<\/p>\n<p>Dogodek je bil \u010dudovito do\u017eivetje, polno glasbe, smeha in otro\u0161kega ustvarjalnega izraza. Ob\u010dudovali smo <em>uglasbeno poezijo Otona \u017dupan\u010di\u010da<\/em> v izjemni izvedbi glasbene skupine <em>MI3jeee!<\/em>, ki nas je vse prisotne navdu\u0161ila s svojo energijo in glasbeno sve\u017eino. Z deklamacijami so poseben \u010dar dodali otroci iz \u010drnomaljskih vrtcev in \u0161ol. Njihovi sr\u010dni nastopi so nas popeljali v svet domi\u0161ljije in otro\u0161ke igrivosti. Deklamaciji so prispevali tudi na\u0161i otroci.<\/p>\n<p>Bralni projekt <em>Pravlji\u010dni potujo\u010di kov\u010dek<\/em> ima za nas poseben pomen. Spodbuja ljubezen do knjige, razvija bralno kulturo, spodbuja branje v dru\u017einskem krogu in odpira vrata v svet literature \u017ee najmlaj\u0161im. Skupno do\u017eivetje ob knjigi pa \u0161e dodatno povezuje otroke med seboj ter utrjuje vezi med vrtcem, \u0161olo in \u0161ir\u0161im okoljem.<\/p>\n<p>Hvale\u017eni smo, da smo lahko del tega \u010dudovitega projekta.<\/p>\n<p style=\"text-align: center\"><em>Son\u010dni vzhod prebuja naravo,<br \/>\nbranje knjig razsvetljuje glavo.<br \/>\n<\/em>(mongolski pregovor)<\/p>\nngg_shortcode_0_placeholder\n","protected":false},"excerpt":{"rendered":"<p>Otroci iz vrtca ter u\u010denci 1. in 2. razreda na\u0161e \u0161ole so se z veseljem udele\u017eili zaklju\u010dne prireditve bralnega projekta Pravlji\u010dni potujo\u010di kov\u010dek 2025, ki je potekala v \u0161portni dvorani [&hellip;]<\/p>\n","protected":false},"author":91022,"featured_media":20287,"comment_status":"closed","ping_status":"closed","sticky":false,"template":"","format":"standard","meta":{"ngg_post_thumbnail":0,"footnotes":""},"categories":[93,19,94],"tags":[],"class_list":["post-20273","post","type-post","status-publish","format-standard","has-post-thumbnail","hentry","category-arhiv-za-solsko-leto-2024-2025","category-c44-dogodki","category-dogodki-v-vrtcu-2024-25"],"_links":{"self":[{"href":"https:\/\/www.os-stari-trg-ok.si\/index.php?rest_route=\/wp\/v2\/posts\/20273","targetHints":{"allow":["GET"]}}],"collection":[{"href":"https:\/\/www.os-stari-trg-ok.si\/index.php?rest_route=\/wp\/v2\/posts"}],"about":[{"href":"https:\/\/www.os-stari-trg-ok.si\/index.php?rest_route=\/wp\/v2\/types\/post"}],"author":[{"embeddable":true,"href":"https:\/\/www.os-stari-trg-ok.si\/index.php?rest_route=\/wp\/v2\/users\/91022"}],"replies":[{"embeddable":true,"href":"https:\/\/www.os-stari-trg-ok.si\/index.php?rest_route=%2Fwp%2Fv2%2Fcomments&post=20273"}],"version-history":[{"count":3,"href":"https:\/\/www.os-stari-trg-ok.si\/index.php?rest_route=\/wp\/v2\/posts\/20273\/revisions"}],"predecessor-version":[{"id":20288,"href":"https:\/\/www.os-stari-trg-ok.si\/index.php?rest_route=\/wp\/v2\/posts\/20273\/revisions\/20288"}],"wp:featuredmedia":[{"embeddable":true,"href":"https:\/\/www.os-stari-trg-ok.si\/index.php?rest_route=\/wp\/v2\/media\/20287"}],"wp:attachment":[{"href":"https:\/\/www.os-stari-trg-ok.si\/index.php?rest_route=%2Fwp%2Fv2%2Fmedia&parent=20273"}],"wp:term":[{"taxonomy":"category","embeddable":true,"href":"https:\/\/www.os-stari-trg-ok.si\/index.php?rest_route=%2Fwp%2Fv2%2Fcategories&post=20273"},{"taxonomy":"post_tag","embeddable":true,"href":"https:\/\/www.os-stari-trg-ok.si\/index.php?rest_route=%2Fwp%2Fv2%2Ftags&post=20273"}],"curies":[{"name":"wp","href":"https:\/\/api.w.org\/{rel}","templated":true}]}}