{"id":20588,"date":"2025-06-26T12:16:57","date_gmt":"2025-06-26T10:16:57","guid":{"rendered":"https:\/\/staritrgobkolpi.splet.arnes.si\/?p=20588"},"modified":"2025-06-26T12:18:35","modified_gmt":"2025-06-26T10:18:35","slug":"slovesnost-ob-dnevu-drzavnosti-in-zakljucku-solskega-leta","status":"publish","type":"post","link":"https:\/\/www.os-stari-trg-ok.si\/?p=20588","title":{"rendered":"Slovesnost ob dnevu dr\u017eavnosti in zaklju\u010dku \u0161olskega leta"},"content":{"rendered":"<p class=\"Textbody\">V torek, 24. 6. 2025, smo se v prijetnem vzdu\u0161ju zbrali na zaklju\u010dni prireditvi ob dnevu dr\u017eavnosti in zaklju\u010dku \u0161olskega leta. Prireditev je potekala v \u0161olski telovadnici, ki so jo u\u010denci in u\u010diteljici skrbno pripravili za ta poseben dogodek.<\/p>\n<p class=\"Textbody\">Pester kulturni program so oblikovali na\u0161i u\u010denci, ki so s svojimi nastopi pokazali veliko mero ustvarjalnosti, poguma in veselja. Ob\u010dinstvo so navdu\u0161ile recitacije, iskreno otro\u0161ko petje ter plesne to\u010dke, ki so pri\u010darale pravo prazni\u010dno razpolo\u017eenje. Poseben \u010dar prireditvi pa je dodal tudi glasbeni nastop u\u010denk na violon\u010delu in saksofonu, ki sta \u0161e dodatno obogatili program z ne\u017enimi, a izraznimi melodijami.<\/p>\n<p class=\"Textbody\">Preden smo se poslovili in se odpravili na zaslu\u017eene poletne po\u010ditnice, je ravnatelj Darjan Grudnik s ponosom podelil priznanja u\u010dencem, ki so v tem \u0161olskem letu dosegli izjemne rezultate na dr\u017eavnem in mednarodnem nivoju. Njihovi uspehi so odraz trdega dela, predanosti ter podpore u\u010diteljev in star\u0161ev.<\/p>\n<p class=\"Textbody\">Dogodek je bil lep zaklju\u010dek \u0161olskega leta, polnega znanja, izzivov in uspehov. Vsem u\u010dencem \u017eelimo prijetne in varne po\u010ditnice, septembra pa se znova sre\u010damo \u2013 spo\u010diti, nasmejani in pripravljeni na nove \u0161olske dogodiv\u0161\u010dine!<\/p>\nngg_shortcode_0_placeholder\n","protected":false},"excerpt":{"rendered":"<p>V torek, 24. 6. 2025, smo se v prijetnem vzdu\u0161ju zbrali na zaklju\u010dni prireditvi ob dnevu dr\u017eavnosti in zaklju\u010dku \u0161olskega leta. Prireditev je potekala v \u0161olski telovadnici, ki so jo [&hellip;]<\/p>\n","protected":false},"author":91022,"featured_media":20612,"comment_status":"closed","ping_status":"closed","sticky":false,"template":"","format":"standard","meta":{"ngg_post_thumbnail":0,"footnotes":""},"categories":[93,19],"tags":[],"class_list":["post-20588","post","type-post","status-publish","format-standard","has-post-thumbnail","hentry","category-arhiv-za-solsko-leto-2024-2025","category-c44-dogodki"],"_links":{"self":[{"href":"https:\/\/www.os-stari-trg-ok.si\/index.php?rest_route=\/wp\/v2\/posts\/20588","targetHints":{"allow":["GET"]}}],"collection":[{"href":"https:\/\/www.os-stari-trg-ok.si\/index.php?rest_route=\/wp\/v2\/posts"}],"about":[{"href":"https:\/\/www.os-stari-trg-ok.si\/index.php?rest_route=\/wp\/v2\/types\/post"}],"author":[{"embeddable":true,"href":"https:\/\/www.os-stari-trg-ok.si\/index.php?rest_route=\/wp\/v2\/users\/91022"}],"replies":[{"embeddable":true,"href":"https:\/\/www.os-stari-trg-ok.si\/index.php?rest_route=%2Fwp%2Fv2%2Fcomments&post=20588"}],"version-history":[{"count":3,"href":"https:\/\/www.os-stari-trg-ok.si\/index.php?rest_route=\/wp\/v2\/posts\/20588\/revisions"}],"predecessor-version":[{"id":20613,"href":"https:\/\/www.os-stari-trg-ok.si\/index.php?rest_route=\/wp\/v2\/posts\/20588\/revisions\/20613"}],"wp:featuredmedia":[{"embeddable":true,"href":"https:\/\/www.os-stari-trg-ok.si\/index.php?rest_route=\/wp\/v2\/media\/20612"}],"wp:attachment":[{"href":"https:\/\/www.os-stari-trg-ok.si\/index.php?rest_route=%2Fwp%2Fv2%2Fmedia&parent=20588"}],"wp:term":[{"taxonomy":"category","embeddable":true,"href":"https:\/\/www.os-stari-trg-ok.si\/index.php?rest_route=%2Fwp%2Fv2%2Fcategories&post=20588"},{"taxonomy":"post_tag","embeddable":true,"href":"https:\/\/www.os-stari-trg-ok.si\/index.php?rest_route=%2Fwp%2Fv2%2Ftags&post=20588"}],"curies":[{"name":"wp","href":"https:\/\/api.w.org\/{rel}","templated":true}]}}