{"id":20656,"date":"2025-09-01T12:01:40","date_gmt":"2025-09-01T10:01:40","guid":{"rendered":"https:\/\/staritrgobkolpi.splet.arnes.si\/?p=20656"},"modified":"2025-09-01T12:15:27","modified_gmt":"2025-09-01T10:15:27","slug":"prvi-solski-dan-korak-v-novo-poglavj","status":"publish","type":"post","link":"https:\/\/www.os-stari-trg-ok.si\/?p=20656","title":{"rendered":"Prvi \u0161olski dan \u2013 korak v novo poglavje"},"content":{"rendered":"<p>Po dolgih in brezskrbnih po\u010ditnicah je \u0161olski zvonec znova priklical u\u010dence v \u0161olske klopi. Na hodnikih je zavr\u0161alo od otro\u0161kega smeha, pozdravov in pri\u010dakovanja \u2013 novo \u0161olsko leto je tu! U\u010denci so se polni energije in radovednosti sre\u010dali s svojimi razredniki in se razveselili so\u0161olcev. Pomo\u010dnica ravnatelja Andreja Rade jih je s prijaznim nagovorom in spodbudnimi besedami sprejela v \u0161olsko skupnost ter jim za\u017eelela poguma, veselja in uspehov.<\/p>\n<p>Prvi dan pa ni minil brez sladkega presene\u010denja \u2013 u\u010denci so se posladkali s sladoledom in \u010dokoladno torto, prejeli pa so tudi manj\u0161e simboli\u010dno darilo.<\/p>\n<p>Posebno do\u017eivetje je bil prvi \u0161olski dan za na\u0161e prvo\u0161olce. V spremstvu star\u0161ev so prvi\u010d prestopili prag u\u010dilnice, kjer so jih toplo pri\u010dakali starej\u0161i u\u010denci in u\u010diteljici Darja in Tamara. Nasmehi, ne\u017ena spodbuda in otro\u0161ka iskrenost so ustvarili ganljiv za\u010detek njihove \u0161olske poti. Prvo\u0161olce sta obiskala tudi policista, ki sta jih pou\u010dila o varnosti na poti v \u0161olo in jih opremila z odsevnimi trakovi, da bo njihova pot varnej\u0161a.<\/p>\n<p>Prvi dan je minil v znamenju spoznavanja, spro\u0161\u010denega pogovora in uvodnih napotkov, predvsem pa v prijetnem in spodbudnem vzdu\u0161ju. Naj bo tak\u0161no tudi vse leto \u2013 polno znanja, prijateljstva in lepih trenutkov.<\/p>\nngg_shortcode_0_placeholder\n<p>&nbsp;<\/p>\n","protected":false},"excerpt":{"rendered":"<p>Po dolgih in brezskrbnih po\u010ditnicah je \u0161olski zvonec znova priklical u\u010dence v \u0161olske klopi. Na hodnikih je zavr\u0161alo od otro\u0161kega smeha, pozdravov in pri\u010dakovanja \u2013 novo \u0161olsko leto je tu! [&hellip;]<\/p>\n","protected":false},"author":91022,"featured_media":20682,"comment_status":"closed","ping_status":"closed","sticky":false,"template":"","format":"standard","meta":{"ngg_post_thumbnail":0,"footnotes":""},"categories":[95,19],"tags":[],"class_list":["post-20656","post","type-post","status-publish","format-standard","has-post-thumbnail","hentry","category-arhiv-za-solsko-leto-2025-2026","category-c44-dogodki"],"_links":{"self":[{"href":"https:\/\/www.os-stari-trg-ok.si\/index.php?rest_route=\/wp\/v2\/posts\/20656","targetHints":{"allow":["GET"]}}],"collection":[{"href":"https:\/\/www.os-stari-trg-ok.si\/index.php?rest_route=\/wp\/v2\/posts"}],"about":[{"href":"https:\/\/www.os-stari-trg-ok.si\/index.php?rest_route=\/wp\/v2\/types\/post"}],"author":[{"embeddable":true,"href":"https:\/\/www.os-stari-trg-ok.si\/index.php?rest_route=\/wp\/v2\/users\/91022"}],"replies":[{"embeddable":true,"href":"https:\/\/www.os-stari-trg-ok.si\/index.php?rest_route=%2Fwp%2Fv2%2Fcomments&post=20656"}],"version-history":[{"count":2,"href":"https:\/\/www.os-stari-trg-ok.si\/index.php?rest_route=\/wp\/v2\/posts\/20656\/revisions"}],"predecessor-version":[{"id":20686,"href":"https:\/\/www.os-stari-trg-ok.si\/index.php?rest_route=\/wp\/v2\/posts\/20656\/revisions\/20686"}],"wp:featuredmedia":[{"embeddable":true,"href":"https:\/\/www.os-stari-trg-ok.si\/index.php?rest_route=\/wp\/v2\/media\/20682"}],"wp:attachment":[{"href":"https:\/\/www.os-stari-trg-ok.si\/index.php?rest_route=%2Fwp%2Fv2%2Fmedia&parent=20656"}],"wp:term":[{"taxonomy":"category","embeddable":true,"href":"https:\/\/www.os-stari-trg-ok.si\/index.php?rest_route=%2Fwp%2Fv2%2Fcategories&post=20656"},{"taxonomy":"post_tag","embeddable":true,"href":"https:\/\/www.os-stari-trg-ok.si\/index.php?rest_route=%2Fwp%2Fv2%2Ftags&post=20656"}],"curies":[{"name":"wp","href":"https:\/\/api.w.org\/{rel}","templated":true}]}}