{"id":20735,"date":"2025-09-11T13:24:59","date_gmt":"2025-09-11T11:24:59","guid":{"rendered":"https:\/\/staritrgobkolpi.splet.arnes.si\/?p=20735"},"modified":"2025-09-11T13:26:58","modified_gmt":"2025-09-11T11:26:58","slug":"kulturni-dan-od-radovice-do-vinice","status":"publish","type":"post","link":"https:\/\/www.os-stari-trg-ok.si\/?p=20735","title":{"rendered":"Kulturni dan od Radovice do Vinice"},"content":{"rendered":"<p><strong>&nbsp;<\/strong><\/p>\n<p>U\u010denci Osnovne \u0161ole Stari trg ob Kolpi so v\u010deraj do\u017eiveli nepozaben kulturni dan, poln zgodovine, znanja in sladkih do\u017eivetij.<\/p>\n<p>Obisk so za\u010deli pri&nbsp;<strong>\u0160oli Bistra Bu\u010da<\/strong>, ki \u017ee deset let deluje pod vodstvom gospoda Jo\u017eeta Matekovi\u010da. V stari, 250 let leseni hi\u0161i, polni cvetja, jih je u\u010ditelj popeljal v \u0161olsko uro iz leta 1957. Pouk je potekal strogo &#8211; otroci so se morali vzravnati, poslu\u0161ati in seveda sodelovati. Na tablo so risali poga\u010do, pujska, letalo ter slovenske in hrva\u0161ke ribe. Po \u0161olski uri so si v brlogu \u010dez dvori\u0161\u010de ogledali ostanke&nbsp;<strong>jamskega medveda<\/strong>, starega kar 27.000 let, ki so ga krajani izkopali v bli\u017eini.<\/p>\n<p>Pot jih je nato vodila na&nbsp;<strong>Otok<\/strong>, kjer so si ogledali legendarno&nbsp;<strong>letalo DC-3<\/strong>. Med drugo svetovno vojno je preva\u017ealo ranjence v Italijo, po vojni pa civiliste v Dalmacijo, da bi jih za\u0161\u010ditili pred nevarnostjo oboro\u017eenih napadov. Tam so u\u010denci naredili \u0161e skupinsko &#8220;gasilsko&#8221; fotografijo in se odpeljali v&nbsp;<strong>\u017duni\u010de<\/strong>.<\/p>\n<p>Med lipami in akacijami poteka&nbsp;<strong>\u010debelarska u\u010dna pot<\/strong>, ki jo je predstavil gospod&nbsp;<strong>Du\u0161an Milinkovi\u010d<\/strong>. Na lesenih panojih so si ogledali pou\u010dne slike \u010debel, trotov in matice, zraven pa stoji nov \u010debelnjak in panj. Vrhunec obiska je bila zagotovo&nbsp;<strong>degustacija kapljice medu na sve\u017ee pe\u010deni poga\u010di<\/strong>. \u010ce bi bilo vreme lep\u0161e, bi lahko opazovali tudi ples \u010debel okoli panja.<\/p>\n<p>Za zaklju\u010dek kulturnega dne so se odpravili v&nbsp;<strong>Vinico<\/strong>, rojstni kraj pesnika&nbsp;<strong>Otona \u017dupan\u010di\u010da<\/strong>. Ogledali so si film o njegovem \u017eivljenju in ustvarjanju, obiskali njegov dom, kjer so predstavljeni tudi drugi znani pesniki, znanstveniki in glasbeniki iz okolice. Najve\u010d zanimanja pa so po\u017eele&nbsp;<strong>\u017dupan\u010di\u010deve uganke<\/strong>, ki so razstavljene tudi v posebnem&nbsp;<strong>\u010debelnjaku na njegovem vrtu<\/strong>.<\/p>\n<p>Dan je bil poln do\u017eivetij, pou\u010dnih vsebin in veselja \u2013 tak\u0161nih, ki&nbsp;jih u\u010denci gotovo ne bodo kmalu pozabili.<\/p>\nngg_shortcode_0_placeholder\n","protected":false},"excerpt":{"rendered":"<p>&nbsp; U\u010denci Osnovne \u0161ole Stari trg ob Kolpi so v\u010deraj do\u017eiveli nepozaben kulturni dan, poln zgodovine, znanja in sladkih do\u017eivetij. Obisk so za\u010deli pri&nbsp;\u0160oli Bistra Bu\u010da, ki \u017ee deset let [&hellip;]<\/p>\n","protected":false},"author":91022,"featured_media":20759,"comment_status":"closed","ping_status":"closed","sticky":false,"template":"","format":"standard","meta":{"ngg_post_thumbnail":0,"footnotes":""},"categories":[95,17,19],"tags":[],"class_list":["post-20735","post","type-post","status-publish","format-standard","has-post-thumbnail","hentry","category-arhiv-za-solsko-leto-2025-2026","category-dnevi-dejavnosti","category-c44-dogodki"],"_links":{"self":[{"href":"https:\/\/www.os-stari-trg-ok.si\/index.php?rest_route=\/wp\/v2\/posts\/20735","targetHints":{"allow":["GET"]}}],"collection":[{"href":"https:\/\/www.os-stari-trg-ok.si\/index.php?rest_route=\/wp\/v2\/posts"}],"about":[{"href":"https:\/\/www.os-stari-trg-ok.si\/index.php?rest_route=\/wp\/v2\/types\/post"}],"author":[{"embeddable":true,"href":"https:\/\/www.os-stari-trg-ok.si\/index.php?rest_route=\/wp\/v2\/users\/91022"}],"replies":[{"embeddable":true,"href":"https:\/\/www.os-stari-trg-ok.si\/index.php?rest_route=%2Fwp%2Fv2%2Fcomments&post=20735"}],"version-history":[{"count":2,"href":"https:\/\/www.os-stari-trg-ok.si\/index.php?rest_route=\/wp\/v2\/posts\/20735\/revisions"}],"predecessor-version":[{"id":20761,"href":"https:\/\/www.os-stari-trg-ok.si\/index.php?rest_route=\/wp\/v2\/posts\/20735\/revisions\/20761"}],"wp:featuredmedia":[{"embeddable":true,"href":"https:\/\/www.os-stari-trg-ok.si\/index.php?rest_route=\/wp\/v2\/media\/20759"}],"wp:attachment":[{"href":"https:\/\/www.os-stari-trg-ok.si\/index.php?rest_route=%2Fwp%2Fv2%2Fmedia&parent=20735"}],"wp:term":[{"taxonomy":"category","embeddable":true,"href":"https:\/\/www.os-stari-trg-ok.si\/index.php?rest_route=%2Fwp%2Fv2%2Fcategories&post=20735"},{"taxonomy":"post_tag","embeddable":true,"href":"https:\/\/www.os-stari-trg-ok.si\/index.php?rest_route=%2Fwp%2Fv2%2Ftags&post=20735"}],"curies":[{"name":"wp","href":"https:\/\/api.w.org\/{rel}","templated":true}]}}