{"id":20766,"date":"2025-09-12T11:27:35","date_gmt":"2025-09-12T09:27:35","guid":{"rendered":"https:\/\/staritrgobkolpi.splet.arnes.si\/?p=20766"},"modified":"2025-09-12T11:28:12","modified_gmt":"2025-09-12T09:28:12","slug":"skupaj-v-gibanju-12-mnozicni-tek-otrok-zacni-mlad-tekmuj-posteno","status":"publish","type":"post","link":"https:\/\/www.os-stari-trg-ok.si\/?p=20766","title":{"rendered":"Skupaj v gibanju \u2013 12. mno\u017ei\u010dni tek otrok &#8220;Za\u010dni mlad, tekmuj po\u0161teno&#8221;"},"content":{"rendered":"<p>V petek, 12. septembra, smo na \u0161olskem igri\u0161\u010du uspe\u0161no izvedli 12. mno\u017ei\u010dni tek otrok <em>&#8220;Za\u010dni mlad, tekmuj po\u0161teno&#8221;<\/em>. Na dogodku je sodelovalo 18 u\u010dencev od 1. do 4. razreda in 7 otrok zadnjega starostnega obdobja iz vrtca.<\/p>\n<p>V sodelovanju z Atletsko zvezo Slovenije je bila tudi letos izpeljana mno\u017ei\u010dna prireditev, s katero spodbujamo otroke k prvim atletskim korakom in \u017eelimo ozavestiti sodelujo\u010de o pomenu zdravega na\u010dina \u017eivljenja.&nbsp;Gre za najbolj mno\u017ei\u010den tek otrok v Sloveniji \u201c<em>Za\u010dni mlad, tekmuj po\u0161teno<\/em>\u201c, ki se ga je lani v razli\u010dnih krajih dr\u017eave udele\u017eilo preko 30.000.<\/p>\n<p>\u010ceprav nas je zjutraj pri\u010dakalo nekoliko megleno in sve\u017ee vreme, to ni pokvarilo na\u0161e dobre volje. \u0160olsko igri\u0161\u010de je napolnila otro\u0161ka energija, nasmehi in veselje do gibanja. Skupaj smo tekli, se spodbujali in dokazali, da nas gibanje povezuje.<\/p>\n<p>Dogodek je potekal v spro\u0161\u010denem in spodbudnem vzdu\u0161ju, kjer rezultat ni bil v ospredju \u2013 pomembno je bilo sodelovanje, veselje do teka in gibanja na prostem.<\/p>\n<p>Iskrene \u010destitke vsem malim teka\u010dem za trud in nasmeh na cilju!<\/p>\nngg_shortcode_0_placeholder\n","protected":false},"excerpt":{"rendered":"<p>V petek, 12. septembra, smo na \u0161olskem igri\u0161\u010du uspe\u0161no izvedli 12. mno\u017ei\u010dni tek otrok &#8220;Za\u010dni mlad, tekmuj po\u0161teno&#8221;. Na dogodku je sodelovalo 18 u\u010dencev od 1. do 4. razreda in [&hellip;]<\/p>\n","protected":false},"author":91022,"featured_media":20776,"comment_status":"closed","ping_status":"closed","sticky":false,"template":"","format":"standard","meta":{"ngg_post_thumbnail":0,"footnotes":""},"categories":[95,19],"tags":[],"class_list":["post-20766","post","type-post","status-publish","format-standard","has-post-thumbnail","hentry","category-arhiv-za-solsko-leto-2025-2026","category-c44-dogodki"],"_links":{"self":[{"href":"https:\/\/www.os-stari-trg-ok.si\/index.php?rest_route=\/wp\/v2\/posts\/20766","targetHints":{"allow":["GET"]}}],"collection":[{"href":"https:\/\/www.os-stari-trg-ok.si\/index.php?rest_route=\/wp\/v2\/posts"}],"about":[{"href":"https:\/\/www.os-stari-trg-ok.si\/index.php?rest_route=\/wp\/v2\/types\/post"}],"author":[{"embeddable":true,"href":"https:\/\/www.os-stari-trg-ok.si\/index.php?rest_route=\/wp\/v2\/users\/91022"}],"replies":[{"embeddable":true,"href":"https:\/\/www.os-stari-trg-ok.si\/index.php?rest_route=%2Fwp%2Fv2%2Fcomments&post=20766"}],"version-history":[{"count":3,"href":"https:\/\/www.os-stari-trg-ok.si\/index.php?rest_route=\/wp\/v2\/posts\/20766\/revisions"}],"predecessor-version":[{"id":20778,"href":"https:\/\/www.os-stari-trg-ok.si\/index.php?rest_route=\/wp\/v2\/posts\/20766\/revisions\/20778"}],"wp:featuredmedia":[{"embeddable":true,"href":"https:\/\/www.os-stari-trg-ok.si\/index.php?rest_route=\/wp\/v2\/media\/20776"}],"wp:attachment":[{"href":"https:\/\/www.os-stari-trg-ok.si\/index.php?rest_route=%2Fwp%2Fv2%2Fmedia&parent=20766"}],"wp:term":[{"taxonomy":"category","embeddable":true,"href":"https:\/\/www.os-stari-trg-ok.si\/index.php?rest_route=%2Fwp%2Fv2%2Fcategories&post=20766"},{"taxonomy":"post_tag","embeddable":true,"href":"https:\/\/www.os-stari-trg-ok.si\/index.php?rest_route=%2Fwp%2Fv2%2Ftags&post=20766"}],"curies":[{"name":"wp","href":"https:\/\/api.w.org\/{rel}","templated":true}]}}