{"id":20780,"date":"2025-09-19T13:32:55","date_gmt":"2025-09-19T11:32:55","guid":{"rendered":"https:\/\/staritrgobkolpi.splet.arnes.si\/?p=20780"},"modified":"2025-09-19T13:34:45","modified_gmt":"2025-09-19T11:34:45","slug":"prometne-zagate-poucna-gledaliska-izkusnja-ob-evropskem-tednu-mobilnosti","status":"publish","type":"post","link":"https:\/\/www.os-stari-trg-ok.si\/?p=20780","title":{"rendered":"Prometne zagate \u2013 pou\u010dna gledali\u0161ka izku\u0161nja ob Evropskem tednu mobilnosti"},"content":{"rendered":"<p>V okviru Evropskega tedna mobilnosti smo se otroci iz vrtca in u\u010denci od 1. do 4. razreda O\u0160 Stari trg ob Kolpi v petek, 19. septembra 2025, udele\u017eili otro\u0161ke gledali\u0161ke predstave z naslovom \u00bbPrometne zagate\u00ab, ki jo je uprizorilo gledali\u0161\u010de Pravlji\u010darna.<\/p>\n<p>Predstava je potekala v \u010crnomlju in nas vse navdu\u0161ila s svojo zabavno ter hkrati izredno pou\u010dno vsebino. Na igriv in otrokom prijazen na\u010din je predstavila prometne izzive, s katerimi se najmlaj\u0161i vsakodnevno sre\u010dujejo na poti v \u0161olo ali vrtec.<\/p>\n<p>\u010cebela Po\u010dasnela nas je spodbudila k razmi\u0161ljanju o pravilnem in varnem ravnanju v prometnem okolju. Kot priznanje za sodelovanje v prometno-vzgojnih aktivnostih v okviru tedna mobilnosti smo prejeli kolesarsko \u010delado in prometne rutice, ki bodo pripomogli k \u0161e ve\u010dji varnosti otrok v prometu.<\/p>\n<p>Iskrena hvala organizatorjem in vsem, ki so omogo\u010dili to prijetno in koristno dopoldne.<\/p>\nngg_shortcode_0_placeholder\n","protected":false},"excerpt":{"rendered":"<p>V okviru Evropskega tedna mobilnosti smo se otroci iz vrtca in u\u010denci od 1. do 4. razreda O\u0160 Stari trg ob Kolpi v petek, 19. septembra 2025, udele\u017eili otro\u0161ke gledali\u0161ke [&hellip;]<\/p>\n","protected":false},"author":91022,"featured_media":20794,"comment_status":"closed","ping_status":"closed","sticky":false,"template":"","format":"standard","meta":{"ngg_post_thumbnail":0,"footnotes":""},"categories":[95,19],"tags":[],"class_list":["post-20780","post","type-post","status-publish","format-standard","has-post-thumbnail","hentry","category-arhiv-za-solsko-leto-2025-2026","category-c44-dogodki"],"_links":{"self":[{"href":"https:\/\/www.os-stari-trg-ok.si\/index.php?rest_route=\/wp\/v2\/posts\/20780","targetHints":{"allow":["GET"]}}],"collection":[{"href":"https:\/\/www.os-stari-trg-ok.si\/index.php?rest_route=\/wp\/v2\/posts"}],"about":[{"href":"https:\/\/www.os-stari-trg-ok.si\/index.php?rest_route=\/wp\/v2\/types\/post"}],"author":[{"embeddable":true,"href":"https:\/\/www.os-stari-trg-ok.si\/index.php?rest_route=\/wp\/v2\/users\/91022"}],"replies":[{"embeddable":true,"href":"https:\/\/www.os-stari-trg-ok.si\/index.php?rest_route=%2Fwp%2Fv2%2Fcomments&post=20780"}],"version-history":[{"count":3,"href":"https:\/\/www.os-stari-trg-ok.si\/index.php?rest_route=\/wp\/v2\/posts\/20780\/revisions"}],"predecessor-version":[{"id":20795,"href":"https:\/\/www.os-stari-trg-ok.si\/index.php?rest_route=\/wp\/v2\/posts\/20780\/revisions\/20795"}],"wp:featuredmedia":[{"embeddable":true,"href":"https:\/\/www.os-stari-trg-ok.si\/index.php?rest_route=\/wp\/v2\/media\/20794"}],"wp:attachment":[{"href":"https:\/\/www.os-stari-trg-ok.si\/index.php?rest_route=%2Fwp%2Fv2%2Fmedia&parent=20780"}],"wp:term":[{"taxonomy":"category","embeddable":true,"href":"https:\/\/www.os-stari-trg-ok.si\/index.php?rest_route=%2Fwp%2Fv2%2Fcategories&post=20780"},{"taxonomy":"post_tag","embeddable":true,"href":"https:\/\/www.os-stari-trg-ok.si\/index.php?rest_route=%2Fwp%2Fv2%2Ftags&post=20780"}],"curies":[{"name":"wp","href":"https:\/\/api.w.org\/{rel}","templated":true}]}}