{"id":20867,"date":"2025-10-09T09:04:15","date_gmt":"2025-10-09T07:04:15","guid":{"rendered":"https:\/\/staritrgobkolpi.splet.arnes.si\/?p=20867"},"modified":"2025-10-09T09:12:51","modified_gmt":"2025-10-09T07:12:51","slug":"hack4kolpa-mladi-oblikujemo-turizem","status":"publish","type":"post","link":"https:\/\/www.os-stari-trg-ok.si\/?p=20867","title":{"rendered":"Hack4Kolpa \u2013 mladi oblikujemo turizem"},"content":{"rendered":"<p>V okviru izvajanja aktivnosti po metodologiji Z ustvarjalnostjo in inovativnostjo do podjetnosti (ZUIP) smo na \u0161oli v \u010detrtek in petek, 2. in 3. oktobra, izvedli dvodnevno projektno delavnico, ki smo jo poimenovali Hack4Kolpa \u2013 mladi oblikujemo turizem.<\/p>\n<p>V \u0161olskem letu 2025\/2026 se je O\u0160 Stari trg ob Kolpi prijavila na \u00bbJavni poziv osnovnim in srednjim \u0161olam za dodelitev spodbud, namenjenim izvajanju aktivnosti za spodbujanje ustvarjalnosti, podjetnosti in inovativnosti med mladimi (JP Mladi) v letih 2025\/2026\u00ab, ki ga je 26. 3. 2025 objavil SPIRIT (Javna agencija Republike Slovenije za spodbujanje podjetni\u0161tva, internacionalizacije, tujih investicij in tehnologije) Slovenija. Aktivnost ZUIP je ena izmed dejavnosti za u\u010dence, ki jo bo \u0161ola v okviru projekta JP Mladi izvedla v teko\u010dem \u0161olskem letu.<\/p>\n<p>V \u0161oli in okolici smo v dveh dneh izvedli 20 urno delavnico, ki je zajemala dve kreativni delavnici v izvedbi Ane Granda Jak\u0161e in Sare Cajnar iz Podjetni\u0161kega inkubatorja Bela krajina, predstavitev delovanja Krajinskega parka Kolpa iz strani direktorice Vesne Fabjan, predstavnik Zavoda RS za varstvo narave Matej Sim\u010di\u010d je u\u010dencem predstavil razli\u010dne vidike delovanja v parku, Jani Pavlin je u\u010dence seznanil z osnovami fotografiranja, Aleksander Rizni\u010d pa z osnovami javnega nastopanja.<\/p>\n<p>U\u010denci so se soo\u010dili iz strani Krajinskega parka Kolpa zastavljenim izzivom, kako razviti turisti\u010dno ponudbo v dolini reke Kolpe in okolice, ki bo privabljal \u010dim ve\u010d njihovih vrstnikov in njihovih dru\u017ein, hkrati pa bo ideja \u010dimbolj trajnostna in sonaravna. Sodelovalo je 25 u\u010dencev od petega do devetega razreda, ki so bili razdeljeni v 5 skupin. Vsaka je razvijala svojo podjetni\u0161ko re\u0161itev oziroma idejo, za katero so pripravili tudi poslovni model Canvas. Njihovo delo so usmerjali tako u\u010ditelji \u0161ole kakor tudi prisotni zunanji mentorji, pripravili so svoje predstavitve, za katere so namenili kar nekaj \u010dasa. Na koncu so le te predstavili pred tri\u010dlansko strokovno komisijo, ki so jo sestavljali Ana Granda Jak\u0161e, Vesna Fabjan in Martin Lindi\u010d, ki je po koncu predstavitev u\u010dencev opisal svojo podjetni\u0161ko pot kot ponudnik turisti\u010dnih storitev Kolpa Adventures. Na koncu je sledila \u0161e podelitev bogatih nagrad najbolj\u0161ima dvema skupinama. Razglasili smo namre\u010d najbolj\u0161o podjetni\u0161ko idejo, Teden tradicije, ter najbolj\u0161o predstavitev, Adrenalinski park Zeleni izzivi.<\/p>\n<p>Delavnica je u\u010dencem omogo\u010dila, da so na konkretnem primeru spoznali pomen sodelovanja, ustvarjalnosti in podjetnosti. Ob tem so razvijali sposobnost kriti\u010dnega mi\u0161ljenja, re\u0161evanja problemov ter predstavitve svojih idej. Najpomembneje pa je, da so za\u010dutili, da lahko tudi sami s svojimi zamislimi prispevajo k razvoju lokalnega okolja in oblikovanju turisti\u010dne prihodnosti doline Kolpe.<\/p>\n<p>Na tej to\u010dki bi se radi \u0161e enkrat zahvalili vsem zunanjim mentorjem in partnerjem dogodka, ki so nam prisko\u010dili na pomo\u010d in izvedli delavnice, ki so popestrile dogodek. Prav tako gre zahvala tudi vsem sponzorjem, ki so s svojimi donacijami poskrbeli, da nih\u010de od u\u010dencev ni ostal praznih rok. To so bili Trgovina darDom, Janel.si, FOTO Jani Pavlin, Vidit informacijske tehnologije, Figura, Kolpa Adventures in Radio Odeon.<\/p>\n<p>Aktivnost je omogo\u010dila javna agencija SPIRIT Slovenija s finan\u010dno podporo Ministrstva za gospodarstvo, turizem in \u0161port.<\/p>\n<p>&nbsp;<\/p>\n<p>Darjan Grudnik, koordinator projekta JP mladi<\/p>\nngg_shortcode_0_placeholder\n","protected":false},"excerpt":{"rendered":"<p>V okviru izvajanja aktivnosti po metodologiji Z ustvarjalnostjo in inovativnostjo do podjetnosti (ZUIP) smo na \u0161oli v \u010detrtek in petek, 2. in 3. oktobra, izvedli dvodnevno projektno delavnico, ki smo [&hellip;]<\/p>\n","protected":false},"author":91022,"featured_media":20927,"comment_status":"closed","ping_status":"closed","sticky":false,"template":"","format":"standard","meta":{"ngg_post_thumbnail":0,"footnotes":""},"categories":[95,19],"tags":[],"class_list":["post-20867","post","type-post","status-publish","format-standard","has-post-thumbnail","hentry","category-arhiv-za-solsko-leto-2025-2026","category-c44-dogodki"],"_links":{"self":[{"href":"https:\/\/www.os-stari-trg-ok.si\/index.php?rest_route=\/wp\/v2\/posts\/20867","targetHints":{"allow":["GET"]}}],"collection":[{"href":"https:\/\/www.os-stari-trg-ok.si\/index.php?rest_route=\/wp\/v2\/posts"}],"about":[{"href":"https:\/\/www.os-stari-trg-ok.si\/index.php?rest_route=\/wp\/v2\/types\/post"}],"author":[{"embeddable":true,"href":"https:\/\/www.os-stari-trg-ok.si\/index.php?rest_route=\/wp\/v2\/users\/91022"}],"replies":[{"embeddable":true,"href":"https:\/\/www.os-stari-trg-ok.si\/index.php?rest_route=%2Fwp%2Fv2%2Fcomments&post=20867"}],"version-history":[{"count":2,"href":"https:\/\/www.os-stari-trg-ok.si\/index.php?rest_route=\/wp\/v2\/posts\/20867\/revisions"}],"predecessor-version":[{"id":20929,"href":"https:\/\/www.os-stari-trg-ok.si\/index.php?rest_route=\/wp\/v2\/posts\/20867\/revisions\/20929"}],"wp:featuredmedia":[{"embeddable":true,"href":"https:\/\/www.os-stari-trg-ok.si\/index.php?rest_route=\/wp\/v2\/media\/20927"}],"wp:attachment":[{"href":"https:\/\/www.os-stari-trg-ok.si\/index.php?rest_route=%2Fwp%2Fv2%2Fmedia&parent=20867"}],"wp:term":[{"taxonomy":"category","embeddable":true,"href":"https:\/\/www.os-stari-trg-ok.si\/index.php?rest_route=%2Fwp%2Fv2%2Fcategories&post=20867"},{"taxonomy":"post_tag","embeddable":true,"href":"https:\/\/www.os-stari-trg-ok.si\/index.php?rest_route=%2Fwp%2Fv2%2Ftags&post=20867"}],"curies":[{"name":"wp","href":"https:\/\/api.w.org\/{rel}","templated":true}]}}