{"id":21000,"date":"2025-10-14T14:38:33","date_gmt":"2025-10-14T12:38:33","guid":{"rendered":"https:\/\/staritrgobkolpi.splet.arnes.si\/?p=21000"},"modified":"2025-10-14T14:38:33","modified_gmt":"2025-10-14T12:38:33","slug":"mednarodni-inkluzivni-kamp-tuzla-2025","status":"publish","type":"post","link":"https:\/\/www.os-stari-trg-ok.si\/?p=21000","title":{"rendered":"Mednarodni inkluzivni kamp Tuzla 2025"},"content":{"rendered":"<p>V \u010detrtek, 9. oktobra 2025, smo se z dvema u\u010denkama na\u0161e \u0161ole ter u\u010diteljem, v dru\u017ebi u\u010denk in spremljevalcev O\u0160 Milke \u0160obar \u2013 Nata\u0161e odpravili na Mednarodni inkluzivni zabavno edukativni kamp v Tuzli (BiH).<\/p>\n<p>Odpravili smo se okoli pol \u010detrte ure in ker je pot do Tuzle relativno dolga, vmes pa je bil potreben \u0161e kak\u0161en postanek, smo v Tuzlo prispeli nekje okrog devete ure. Tam so na\u0161 \u017ee pri\u010dakali gostitelji iz \u0161ole JU Zavod, kjer so nas postregli z ve\u010derjo. Po ve\u010derji je bilo potrebno \u0161e vse razpakirati, se namestiti v internatu in se spo\u010diti za jutri\u0161nji inkluzivni kamp.<\/p>\n<p>Naslednje jutro smo \u010das takoj po zajtrku izkoristili za obisk, zdaj \u017ee prijateljske \u0161ole Sjenjak. U\u010denkama so tam razkazali \u0161olo, pokazali tamkaj\u0161nji na\u010din pou\u010devanja, hkrati pa sem sam izkoristil to prilo\u017enost, da sem se nekaj novega nau\u010dil o pedago\u0161kih pristopih preverjanja in ocenjevanja tamkaj\u0161njega u\u010ditelja za jezik.<\/p>\n<p>Sledila je pot do planinskega doma Svetovac, kjer je bilo prizori\u0161\u010de glavnega dogajanja. Na\u0161a dekleta so se pomerila v skakanju z vre\u010dami, vle\u010denju vrvi, pikadu in hitrostnem jedenju \u00bb\u0161am pite\u00ab. V slednji kategoriji je na\u0161a u\u010denka zasedla 2. mesto, 2. mesto pa smo dosegli skupaj z u\u010denkami Milke \u0160obar \u2013 Nata\u0161e v vle\u010denju vrvi. \u010cestitke vsem!<\/p>\n<p>Pot nazaj v mesto smo izkoristi \u0161e za ogled hidroelektrarne, ki je ob poti, ustavili pa smo se tudi na umetnem jezeru Modrac, kjer smo se osve\u017eili s pija\u010do. Dneva je bilo \u0161e nekaj, zato smo se odpravili na bowling, po njem pa so dekleta od\u0161la tudi v \u00bb\u0161oping\u00ab. Utrujeni smo se vrnili v internat.<\/p>\n<p>Naslednje jutro smo si ogledali \u0161e center mesta in njegove znamenitosti, si na poti nazaj privo\u0161\u010dili \u0161e prave bosanske \u010devape in se v poznem popoldnevu vrnili nazaj domov.<\/p>\n<p>Izku\u0161nja je bila \u010dudovita, in \u010deprav utrujeni, smo se domov vrnili polni dobrih izku\u0161enj in vtisov. Veselimo se nadaljnjega sodelovanja!<\/p>\n<p>&nbsp;<\/p>\n<p>Ga\u0161per M.<\/p>\nngg_shortcode_0_placeholder\n","protected":false},"excerpt":{"rendered":"<p>V \u010detrtek, 9. oktobra 2025, smo se z dvema u\u010denkama na\u0161e \u0161ole ter u\u010diteljem, v dru\u017ebi u\u010denk in spremljevalcev O\u0160 Milke \u0160obar \u2013 Nata\u0161e odpravili na Mednarodni inkluzivni zabavno edukativni [&hellip;]<\/p>\n","protected":false},"author":91022,"featured_media":21029,"comment_status":"closed","ping_status":"closed","sticky":false,"template":"","format":"standard","meta":{"ngg_post_thumbnail":0,"footnotes":""},"categories":[95,19],"tags":[],"class_list":["post-21000","post","type-post","status-publish","format-standard","has-post-thumbnail","hentry","category-arhiv-za-solsko-leto-2025-2026","category-c44-dogodki"],"_links":{"self":[{"href":"https:\/\/www.os-stari-trg-ok.si\/index.php?rest_route=\/wp\/v2\/posts\/21000","targetHints":{"allow":["GET"]}}],"collection":[{"href":"https:\/\/www.os-stari-trg-ok.si\/index.php?rest_route=\/wp\/v2\/posts"}],"about":[{"href":"https:\/\/www.os-stari-trg-ok.si\/index.php?rest_route=\/wp\/v2\/types\/post"}],"author":[{"embeddable":true,"href":"https:\/\/www.os-stari-trg-ok.si\/index.php?rest_route=\/wp\/v2\/users\/91022"}],"replies":[{"embeddable":true,"href":"https:\/\/www.os-stari-trg-ok.si\/index.php?rest_route=%2Fwp%2Fv2%2Fcomments&post=21000"}],"version-history":[{"count":2,"href":"https:\/\/www.os-stari-trg-ok.si\/index.php?rest_route=\/wp\/v2\/posts\/21000\/revisions"}],"predecessor-version":[{"id":21031,"href":"https:\/\/www.os-stari-trg-ok.si\/index.php?rest_route=\/wp\/v2\/posts\/21000\/revisions\/21031"}],"wp:featuredmedia":[{"embeddable":true,"href":"https:\/\/www.os-stari-trg-ok.si\/index.php?rest_route=\/wp\/v2\/media\/21029"}],"wp:attachment":[{"href":"https:\/\/www.os-stari-trg-ok.si\/index.php?rest_route=%2Fwp%2Fv2%2Fmedia&parent=21000"}],"wp:term":[{"taxonomy":"category","embeddable":true,"href":"https:\/\/www.os-stari-trg-ok.si\/index.php?rest_route=%2Fwp%2Fv2%2Fcategories&post=21000"},{"taxonomy":"post_tag","embeddable":true,"href":"https:\/\/www.os-stari-trg-ok.si\/index.php?rest_route=%2Fwp%2Fv2%2Ftags&post=21000"}],"curies":[{"name":"wp","href":"https:\/\/api.w.org\/{rel}","templated":true}]}}