{"id":21032,"date":"2025-10-15T12:22:51","date_gmt":"2025-10-15T10:22:51","guid":{"rendered":"https:\/\/staritrgobkolpi.splet.arnes.si\/?p=21032"},"modified":"2025-10-15T12:22:51","modified_gmt":"2025-10-15T10:22:51","slug":"prva-razstava-mlade-umetnice-nine-vukelic","status":"publish","type":"post","link":"https:\/\/www.os-stari-trg-ok.si\/?p=21032","title":{"rendered":"Prva razstava mlade umetnice Nine Vukeli\u010d"},"content":{"rendered":"<p><strong>V torek, 14. oktobra, smo v Knji\u017enici \u010crnomelj odprli prvo samostojno razstavo Nine Vukeli\u010d. Njena dela si lahko ogledate vse do za\u010detka novembra, in sicer v \u010dasu odprtja knji\u017enice.<\/strong><\/p>\n<p>Namen likovnega nate\u010daja <em>Talenti \u2013 razstave mladih likovnikov<\/em> je ponuditi nadarjenim u\u010dencem in dijakom prilo\u017enost, da svoja likovna dela predstavijo \u0161ir\u0161i javnosti. Nate\u010daj letos poteka \u017ee deveto leto zapored.<\/p>\n<p>Strokovna komisija, ki so jo sestavljali akademski slikar Robert Lozar ter profesorici likovne umetnosti \u0160pela Vrani\u010dar in Jasmina Strugar, je pregledala prispele izdelke prijavljenih kandidatov in kandidatk ter izbrala osem ustvarjalcev, ki so dobili prilo\u017enost razstavljati. Med njimi je bila tudi na\u0161a izredno talentirana in likovno nadarjena u\u010denka 9. razreda Nina Vukeli\u010d, ki ji ob tem iskreno \u010destitamo.<\/p>\n<p>Razstavo posve\u010da svoji pokojni babici, za katero pravi, da je bila njen glavni vzornik, saj je bila tudi sama sr\u010dna umetnica. Velik del svojega talenta pripisuje tudi drugim dru\u017einskim \u010dlanom, ki jo znajo motivirati, spodbujati in nasmejati ob pravem \u010dasu.<\/p>\n<p>Nina se redno udele\u017euje \u0161tevilnih likovnih nate\u010dajev, kolonij in Ex-tempora, na katerih vedno znova izstopa ter nas presene\u010da s svojo izvirnostjo in edinstvenostjo.<\/p>\n<blockquote><p><strong>\u00bb<\/strong><em>Nina je mlada ustvarjalka, ki ka\u017ee zelo zanimiv interes za vsebine in izraz, ki presega njeno starost. Medtem ko se ve\u010dina njenih vrstnikov v svojih delih posku\u0161a \u010dim bolj pribli\u017eati realisti\u010dni podobi, se Nina podaja v polje ekspresivne interpretacije: v svojih cvetli\u010dnih tiho\u017eitjih in krajinah tako prepoznamo barvna razmerja, ki odstopajo od obi\u010dajnih v naravi in so zna\u010dilna za slikarje klasi\u010dnega ekspresionizma. Fascinirajo jo ve\u010derni prizori, v katerih lahko v slikanju \u017eare\u010dih barv oblakov v son\u010dnem zahodu iz\u017eivi svojo mlado domi\u0161ljijo. Svoje stvaritve tudi relativno, mestoma celo izjemno uspe\u0161no zaklju\u010di v kompozicijski trdnosti, da torej celotno povr\u0161ino podobe obravnava enakovredno, kar je v likovnem ustvarjanju zelo pomembno in klju\u010dno.\u00ab<\/em><br \/>\n\u2013 akademski slikar Robert Lozar<\/p><\/blockquote>\n<p>Za glasbeno popestritev otvoritve sta poskrbela u\u010ditelj Miro Dizdar in u\u010denec Bla\u017e Pezdirc iz Glasbene \u0161ole \u010crnomelj. Nekaj besed sta Nini namenila tudi njena mentorica Tamara Pintari\u010d in ravnatelj Darjan Grudnik.<\/p>\n<p>Posebna zahvala gre vodji projekta Danieli \u017duni\u010d za odli\u010dno organizacijo in skrbno izpeljano prireditev ter Knji\u017enici \u010crnomelj za vodenje projekta.<\/p>\n<p><strong>Vabljeni k ogledu razstave!<\/strong><\/p>\n<p>mentorica Tamara Pintari\u010d<\/p>\nngg_shortcode_0_placeholder\n","protected":false},"excerpt":{"rendered":"<p>V torek, 14. oktobra, smo v Knji\u017enici \u010crnomelj odprli prvo samostojno razstavo Nine Vukeli\u010d. Njena dela si lahko ogledate vse do za\u010detka novembra, in sicer v \u010dasu odprtja knji\u017enice. Namen [&hellip;]<\/p>\n","protected":false},"author":91022,"featured_media":21049,"comment_status":"closed","ping_status":"closed","sticky":false,"template":"","format":"standard","meta":{"ngg_post_thumbnail":0,"footnotes":""},"categories":[95,19],"tags":[],"class_list":["post-21032","post","type-post","status-publish","format-standard","has-post-thumbnail","hentry","category-arhiv-za-solsko-leto-2025-2026","category-c44-dogodki"],"_links":{"self":[{"href":"https:\/\/www.os-stari-trg-ok.si\/index.php?rest_route=\/wp\/v2\/posts\/21032","targetHints":{"allow":["GET"]}}],"collection":[{"href":"https:\/\/www.os-stari-trg-ok.si\/index.php?rest_route=\/wp\/v2\/posts"}],"about":[{"href":"https:\/\/www.os-stari-trg-ok.si\/index.php?rest_route=\/wp\/v2\/types\/post"}],"author":[{"embeddable":true,"href":"https:\/\/www.os-stari-trg-ok.si\/index.php?rest_route=\/wp\/v2\/users\/91022"}],"replies":[{"embeddable":true,"href":"https:\/\/www.os-stari-trg-ok.si\/index.php?rest_route=%2Fwp%2Fv2%2Fcomments&post=21032"}],"version-history":[{"count":1,"href":"https:\/\/www.os-stari-trg-ok.si\/index.php?rest_route=\/wp\/v2\/posts\/21032\/revisions"}],"predecessor-version":[{"id":21047,"href":"https:\/\/www.os-stari-trg-ok.si\/index.php?rest_route=\/wp\/v2\/posts\/21032\/revisions\/21047"}],"wp:featuredmedia":[{"embeddable":true,"href":"https:\/\/www.os-stari-trg-ok.si\/index.php?rest_route=\/wp\/v2\/media\/21049"}],"wp:attachment":[{"href":"https:\/\/www.os-stari-trg-ok.si\/index.php?rest_route=%2Fwp%2Fv2%2Fmedia&parent=21032"}],"wp:term":[{"taxonomy":"category","embeddable":true,"href":"https:\/\/www.os-stari-trg-ok.si\/index.php?rest_route=%2Fwp%2Fv2%2Fcategories&post=21032"},{"taxonomy":"post_tag","embeddable":true,"href":"https:\/\/www.os-stari-trg-ok.si\/index.php?rest_route=%2Fwp%2Fv2%2Ftags&post=21032"}],"curies":[{"name":"wp","href":"https:\/\/api.w.org\/{rel}","templated":true}]}}