{"id":21086,"date":"2025-10-24T08:47:36","date_gmt":"2025-10-24T06:47:36","guid":{"rendered":"https:\/\/staritrgobkolpi.splet.arnes.si\/?p=21086"},"modified":"2025-10-24T08:47:36","modified_gmt":"2025-10-24T06:47:36","slug":"obisk-novinarjev-in-predstavitev-dejavnosti","status":"publish","type":"post","link":"https:\/\/www.os-stari-trg-ok.si\/?p=21086","title":{"rendered":"Obisk novinarjev in predstavitev dejavnosti"},"content":{"rendered":"<p>U\u010denci Osnovne \u0161ole Stari trg ob Kolpi so v oktobru ponovno pokazali svojo ustvarjalnost, vedo\u017eeljnost in povezanost z doma\u010dim okoljem. Kar dvakrat so bili v sredi\u0161\u010du medijske pozornosti.<\/p>\n<p>V sredo<strong>, <\/strong><strong>9. oktobra<\/strong>, je \u0161olo obiskala ekipa <strong>RTV Slovenija<\/strong><strong>, <\/strong>ki je pripravila prispevek o dogajanju na na\u0161i \u0161oli. U\u010denci in zaposleni so novinarjem predstavili zgodovino \u0161ole, \u0161olski utrip in dejavnosti, s katerimi bogatimo \u017eivljenje tako na \u0161oli kako tudi v lokalni skupnosti in \u0161ir\u0161e. Prispevek si lahko ogledate na naslednji povezavi: <a href=\"https:\/\/365.rtvslo.si\/arhiv\/slovenska-kronika\/175167612\">https:\/\/365.rtvslo.si\/arhiv\/slovenska-kronika\/175167612<\/a>.<\/p>\n<p>Le nekaj dni kasneje, <strong>15. oktobra<\/strong>, pa so u\u010denci obiskali <strong>Krajinski park Kolpa v Marindolu<\/strong>, kjer je <strong>Planet TV<\/strong> snemal prispevek o <strong>steljnikih<\/strong>, tradicionalnem na\u010dinu rabe travni\u0161kih povr\u0161in, kar ima pomembno naravovarstveno vlogo. Odigrali so aktivno vlogo pri predstavljanju dela, ki je potrebno za pripravo steljnikov.<\/p>\n<p>Tak\u0161ni dogodki bogatijo u\u010dni proces in u\u010dencem omogo\u010dajo, da u\u010denje do\u017eivijo na druga\u010den, pristnej\u0161i na\u010din, v sodelovanju z naravo in \u0161ir\u0161o skupnostjo, hkrati pa ima \u0161ola prilo\u017enost, da javnosti predstavi svoje uspe\u0161no delo na razli\u010dnih podro\u010djih.<\/p>\nngg_shortcode_0_placeholder\n","protected":false},"excerpt":{"rendered":"<p>U\u010denci Osnovne \u0161ole Stari trg ob Kolpi so v oktobru ponovno pokazali svojo ustvarjalnost, vedo\u017eeljnost in povezanost z doma\u010dim okoljem. Kar dvakrat so bili v sredi\u0161\u010du medijske pozornosti. V sredo, [&hellip;]<\/p>\n","protected":false},"author":91022,"featured_media":21095,"comment_status":"closed","ping_status":"closed","sticky":false,"template":"","format":"standard","meta":{"ngg_post_thumbnail":0,"footnotes":""},"categories":[95,19],"tags":[],"class_list":["post-21086","post","type-post","status-publish","format-standard","has-post-thumbnail","hentry","category-arhiv-za-solsko-leto-2025-2026","category-c44-dogodki"],"_links":{"self":[{"href":"https:\/\/www.os-stari-trg-ok.si\/index.php?rest_route=\/wp\/v2\/posts\/21086","targetHints":{"allow":["GET"]}}],"collection":[{"href":"https:\/\/www.os-stari-trg-ok.si\/index.php?rest_route=\/wp\/v2\/posts"}],"about":[{"href":"https:\/\/www.os-stari-trg-ok.si\/index.php?rest_route=\/wp\/v2\/types\/post"}],"author":[{"embeddable":true,"href":"https:\/\/www.os-stari-trg-ok.si\/index.php?rest_route=\/wp\/v2\/users\/91022"}],"replies":[{"embeddable":true,"href":"https:\/\/www.os-stari-trg-ok.si\/index.php?rest_route=%2Fwp%2Fv2%2Fcomments&post=21086"}],"version-history":[{"count":2,"href":"https:\/\/www.os-stari-trg-ok.si\/index.php?rest_route=\/wp\/v2\/posts\/21086\/revisions"}],"predecessor-version":[{"id":21092,"href":"https:\/\/www.os-stari-trg-ok.si\/index.php?rest_route=\/wp\/v2\/posts\/21086\/revisions\/21092"}],"wp:featuredmedia":[{"embeddable":true,"href":"https:\/\/www.os-stari-trg-ok.si\/index.php?rest_route=\/wp\/v2\/media\/21095"}],"wp:attachment":[{"href":"https:\/\/www.os-stari-trg-ok.si\/index.php?rest_route=%2Fwp%2Fv2%2Fmedia&parent=21086"}],"wp:term":[{"taxonomy":"category","embeddable":true,"href":"https:\/\/www.os-stari-trg-ok.si\/index.php?rest_route=%2Fwp%2Fv2%2Fcategories&post=21086"},{"taxonomy":"post_tag","embeddable":true,"href":"https:\/\/www.os-stari-trg-ok.si\/index.php?rest_route=%2Fwp%2Fv2%2Ftags&post=21086"}],"curies":[{"name":"wp","href":"https:\/\/api.w.org\/{rel}","templated":true}]}}