{"id":21105,"date":"2025-10-24T12:51:24","date_gmt":"2025-10-24T10:51:24","guid":{"rendered":"https:\/\/staritrgobkolpi.splet.arnes.si\/?p=21105"},"modified":"2025-10-24T12:51:24","modified_gmt":"2025-10-24T10:51:24","slug":"povej-kaj-ti-je-pomembno","status":"publish","type":"post","link":"https:\/\/www.os-stari-trg-ok.si\/?p=21105","title":{"rendered":"\u00bbPovej kaj ti je pomembno\u00ab"},"content":{"rendered":"<p>&nbsp;<\/p>\n<p>V ponedeljek, 20. oktobra 2025, sta se u\u010denki 9. razreda, Nina in Sara, udele\u017eili posvetovanja za otroke in mladostnike \u00bbPovej kaj ti je pomembno\u00ab, ki so ga v Ljubljani organizirali Zveza prijateljev mladine Slovenije, Ministrstvo za delo, dru\u017eino, socialne zadeve in enake mo\u017enosti ter UNICEF Slovenija.<\/p>\n<p>\u0160lo je za posvetovanje z otroki in mladostniki o tematikah, ki so prednostna podro\u010dja novega Nacionalnega programa za otroke 2026 \u2013 2031. To je dokument, ki usmerja in dolo\u010da, kako bo dr\u017eava v naslednjih letih skrbela za pravice in dobrobit otrok. Pri snovanju dokumenta je zelo pomembno tudi sodelovanje otrok in mladostnikov, zato so organizatorje zanimala mnenja u\u010dencev in dijakov med 12. in 18 letom starosti, ki jih bodo zapisali in v \u010dim ve\u010dji mo\u017eni meri upo\u0161tevali pri nastajanju dokumenta.<\/p>\n<p>Udele\u017eba na tem dogodku je za na\u0161i u\u010denki predstavljala novo bogato izku\u0161njo aktivnega dr\u017eavljanstva, sodelovali sta v razpravah, posledi\u010dno bo lahko pri nastajanju novega programa upo\u0161tevano tudi njuno mnenje, na\u0161a \u0161ola pa je dobila prilo\u017enost, da svoje u\u010dence odpelje na dogodek nacionalnega pomena in v njem tudi aktivno sodeluje hkrati pa na tak\u0161en na\u010din tudi potrdi na\u0161e uspe\u0161no delo z u\u010denci na razli\u010dnih podro\u010djih.<\/p>\nngg_shortcode_0_placeholder\n","protected":false},"excerpt":{"rendered":"<p>&nbsp; V ponedeljek, 20. oktobra 2025, sta se u\u010denki 9. razreda, Nina in Sara, udele\u017eili posvetovanja za otroke in mladostnike \u00bbPovej kaj ti je pomembno\u00ab, ki so ga v Ljubljani [&hellip;]<\/p>\n","protected":false},"author":91022,"featured_media":21123,"comment_status":"closed","ping_status":"closed","sticky":false,"template":"","format":"standard","meta":{"ngg_post_thumbnail":0,"footnotes":""},"categories":[95,19],"tags":[],"class_list":["post-21105","post","type-post","status-publish","format-standard","has-post-thumbnail","hentry","category-arhiv-za-solsko-leto-2025-2026","category-c44-dogodki"],"_links":{"self":[{"href":"https:\/\/www.os-stari-trg-ok.si\/index.php?rest_route=\/wp\/v2\/posts\/21105","targetHints":{"allow":["GET"]}}],"collection":[{"href":"https:\/\/www.os-stari-trg-ok.si\/index.php?rest_route=\/wp\/v2\/posts"}],"about":[{"href":"https:\/\/www.os-stari-trg-ok.si\/index.php?rest_route=\/wp\/v2\/types\/post"}],"author":[{"embeddable":true,"href":"https:\/\/www.os-stari-trg-ok.si\/index.php?rest_route=\/wp\/v2\/users\/91022"}],"replies":[{"embeddable":true,"href":"https:\/\/www.os-stari-trg-ok.si\/index.php?rest_route=%2Fwp%2Fv2%2Fcomments&post=21105"}],"version-history":[{"count":2,"href":"https:\/\/www.os-stari-trg-ok.si\/index.php?rest_route=\/wp\/v2\/posts\/21105\/revisions"}],"predecessor-version":[{"id":21125,"href":"https:\/\/www.os-stari-trg-ok.si\/index.php?rest_route=\/wp\/v2\/posts\/21105\/revisions\/21125"}],"wp:featuredmedia":[{"embeddable":true,"href":"https:\/\/www.os-stari-trg-ok.si\/index.php?rest_route=\/wp\/v2\/media\/21123"}],"wp:attachment":[{"href":"https:\/\/www.os-stari-trg-ok.si\/index.php?rest_route=%2Fwp%2Fv2%2Fmedia&parent=21105"}],"wp:term":[{"taxonomy":"category","embeddable":true,"href":"https:\/\/www.os-stari-trg-ok.si\/index.php?rest_route=%2Fwp%2Fv2%2Fcategories&post=21105"},{"taxonomy":"post_tag","embeddable":true,"href":"https:\/\/www.os-stari-trg-ok.si\/index.php?rest_route=%2Fwp%2Fv2%2Ftags&post=21105"}],"curies":[{"name":"wp","href":"https:\/\/api.w.org\/{rel}","templated":true}]}}