{"id":21179,"date":"2025-11-07T11:07:51","date_gmt":"2025-11-07T10:07:51","guid":{"rendered":"https:\/\/staritrgobkolpi.splet.arnes.si\/?p=21179"},"modified":"2025-11-07T11:09:48","modified_gmt":"2025-11-07T10:09:48","slug":"dozivet-kulturni-dan-in-ogled-predstave-zirafe-ne-znajo-plesati","status":"publish","type":"post","link":"https:\/\/www.os-stari-trg-ok.si\/?p=21179","title":{"rendered":"Do\u017eivet kulturni dan in ogled predstave \u2013 \u017dIRAFE NE ZNAJO PLESATI"},"content":{"rendered":"<p>V \u010detrtek, 6. novembra so u\u010denci od 1. do 3. razreda obiskali KD Semi\u010d, kjer so si ogledali plesno-gledali\u0161ko predstavo <em>\u017dirafe ne znajo plesati<\/em>, nato pa dan nadaljevali z ogledi razstave, sprehodom po Semi\u010du in obiskom Knji\u017enice \u010crnomelj.<\/p>\n<p><strong>Plesna predstava, ki spodbuja pogum in vztrajnost<\/strong><\/p>\n<p>Predstava na igriv na\u010din pripoveduje pou\u010dno zgodbo o nerodni \u017eirafi, ki si neizmerno \u017eeli, da bi znala plesati. Plesni koraki pa ji nikakor ne uspevajo. Kljub neuspehom in zasmehovanju drugih \u017eivali \u017eirafa \u017diva ne obupa. Zbere pogum, vztrajno vadi, opazuje plesne korake drugih \u017eivali, se u\u010di in doka\u017ee, da \u010de se ho\u010de \u2013 je vse mogo\u010de.<\/p>\n<p>Ob zvokih plesne glasbe so u\u010denci zadovoljni zapustili dvorano.<\/p>\n<p><strong>Ogled razstave in sprehod po Semi\u010du<\/strong><\/p>\n<p>Po predstavi so si ogledali aktualno razstavo <strong><em>&#8220;MESTO V OBJEMU REKE KRKE&#8221;<\/em><\/strong> 44.&nbsp; Slikarski ex tempore mladih likovnikov Bele krajine. Z veseljem so prepoznali in ob\u010dudovali tudi likovna dela u\u010denk na\u0161e \u0161ole \u2013 <em>Nine, Sare, Pike<\/em> in <em>Ne\u017ee<\/em>.<\/p>\n<p>Sledil je sprehod po tr\u0161kem jedru Semi\u010da. U\u010denci so se sprehodili mimo ob\u010dinske stavbe, Muzejske hi\u0161e in cerkve sv. \u0160tefana, kjer so si ogledali tudi \u010dudovito kapelico sv. Mele Terezike. Ta pritegne poglede mimoido\u010dih saj je bogato okra\u0161ena v tehniki mozaika.<\/p>\n<p>Poleg ogleda so prisluhnili zanimivi razlagi \u017eupnika <strong><em>Luka \u017diden\u0161ka<\/em><\/strong>, ki je z veseljem odgovoril tudi na njihova vpra\u0161anja. Sprehod so zaklju\u010dili v Semi\u0161kem parku, kjer so z veseljem preizkusili tamkaj\u0161nja igrala.<\/p>\n<p><strong>Zaklju\u010dek v Knji\u017enici \u010crnomelj<\/strong><\/p>\n<p>Na poti domov so se u\u010denci ustavili \u0161e v Knji\u017enici \u010crnomelj, kjer jih je prijazno sprejela knji\u017eni\u010darka <em>Breda Ko\u010devar<\/em>. Predstavila jim je prostore knji\u017enice, nato pa jih popeljala v svet zgodb s <strong>kami\u0161ibajem<\/strong>. Med sprehodom po knji\u017enici so si ogledali tudi samostojno razstavo na\u0161e u\u010denke <em>Nine Vukeli\u010d<\/em>. Zaklju\u010dek je bil ustvarjalen \u2013 vsak je izdelal svojega pisanega pti\u010dka, s katerim je domov odletel poln vtisov in lepih do\u017eivetij.<\/p>\n<p>Preplet umetnosti, domi\u0161ljije in veselja do u\u010denja je ustvaril dan, ki bo ostal v lepem spominu.<\/p>\n<p><em>Vir: vodja KD<\/em><\/p>\nngg_shortcode_0_placeholder\n","protected":false},"excerpt":{"rendered":"<p>V \u010detrtek, 6. novembra so u\u010denci od 1. do 3. razreda obiskali KD Semi\u010d, kjer so si ogledali plesno-gledali\u0161ko predstavo \u017dirafe ne znajo plesati, nato pa dan nadaljevali z ogledi [&hellip;]<\/p>\n","protected":false},"author":91022,"featured_media":21203,"comment_status":"closed","ping_status":"closed","sticky":false,"template":"","format":"standard","meta":{"ngg_post_thumbnail":0,"footnotes":""},"categories":[95,17,19],"tags":[],"class_list":["post-21179","post","type-post","status-publish","format-standard","has-post-thumbnail","hentry","category-arhiv-za-solsko-leto-2025-2026","category-dnevi-dejavnosti","category-c44-dogodki"],"_links":{"self":[{"href":"https:\/\/www.os-stari-trg-ok.si\/index.php?rest_route=\/wp\/v2\/posts\/21179","targetHints":{"allow":["GET"]}}],"collection":[{"href":"https:\/\/www.os-stari-trg-ok.si\/index.php?rest_route=\/wp\/v2\/posts"}],"about":[{"href":"https:\/\/www.os-stari-trg-ok.si\/index.php?rest_route=\/wp\/v2\/types\/post"}],"author":[{"embeddable":true,"href":"https:\/\/www.os-stari-trg-ok.si\/index.php?rest_route=\/wp\/v2\/users\/91022"}],"replies":[{"embeddable":true,"href":"https:\/\/www.os-stari-trg-ok.si\/index.php?rest_route=%2Fwp%2Fv2%2Fcomments&post=21179"}],"version-history":[{"count":3,"href":"https:\/\/www.os-stari-trg-ok.si\/index.php?rest_route=\/wp\/v2\/posts\/21179\/revisions"}],"predecessor-version":[{"id":21201,"href":"https:\/\/www.os-stari-trg-ok.si\/index.php?rest_route=\/wp\/v2\/posts\/21179\/revisions\/21201"}],"wp:featuredmedia":[{"embeddable":true,"href":"https:\/\/www.os-stari-trg-ok.si\/index.php?rest_route=\/wp\/v2\/media\/21203"}],"wp:attachment":[{"href":"https:\/\/www.os-stari-trg-ok.si\/index.php?rest_route=%2Fwp%2Fv2%2Fmedia&parent=21179"}],"wp:term":[{"taxonomy":"category","embeddable":true,"href":"https:\/\/www.os-stari-trg-ok.si\/index.php?rest_route=%2Fwp%2Fv2%2Fcategories&post=21179"},{"taxonomy":"post_tag","embeddable":true,"href":"https:\/\/www.os-stari-trg-ok.si\/index.php?rest_route=%2Fwp%2Fv2%2Ftags&post=21179"}],"curies":[{"name":"wp","href":"https:\/\/api.w.org\/{rel}","templated":true}]}}