{"id":21205,"date":"2025-11-11T10:56:52","date_gmt":"2025-11-11T09:56:52","guid":{"rendered":"https:\/\/staritrgobkolpi.splet.arnes.si\/?p=21205"},"modified":"2025-11-11T10:56:52","modified_gmt":"2025-11-11T09:56:52","slug":"krka-kot-navdih-mladih-slikarjev","status":"publish","type":"post","link":"https:\/\/www.os-stari-trg-ok.si\/?p=21205","title":{"rendered":"Krka kot navdih mladih slikarjev"},"content":{"rendered":"<p>Leto\u0161nji slikarski Ex tempore mladih likovnikov Bele krajine je potekal v \u010dudovitem jesenskem vzdu\u0161ju 3. oktobra 2025, tokrat prvi\u010d izven meja Bele krajine. Mladi ustvarjalci so se zbrali ob reki Krki v Novem mestu in ustvarjali na temo \u00bbMesto v objemu reke Krke\u00ab, ki jih je navdihovala s svojo umirjenostjo, manjkalo pa ni niti jesenske barvitosti in zanimive arhitekture.<\/p>\n<p>Dogodka se je udele\u017eilo kar 53 mladih slikarjev pod mentorstvom 12 likovnih pedagogov. Med njimi so bile tudi \u0161tiri u\u010denke O\u0160 Stari trg ob Kolpi \u2013 Nina Vukeli\u010d, Sara Kastelec, Pika Ben\u010dina in Ne\u017ea Miheli\u0107, ki so ustvarjale pod budnim o\u010desom svoje mentorice, u\u010diteljice Tamare Pintari\u010d. Nastala so \u010dudovita dela, navdihnjena s prepletanjem motivov narave in mestnih vedut.<\/p>\n<p>Zaklju\u010dek ustvarjalnega sre\u010danja je bil obele\u017een z otvoritvijo razstave, ki je potekala v sredo, 5. novembra 2025 v Kulturnem centru Semi\u010d. Obiskovalci so bili nad deli mladih umetnikov navdu\u0161eni in iskreno presene\u010deni nad njihovo zrelostjo, domi\u0161ljijo in tehni\u010dno dovr\u0161enostjo. Vsako delo iz\u017eareva nekaj edinstvenega, od mirne poeti\u010dnosti do pogumnih barvnih poudarkov, od realisti\u010dnih potez do igranja z imaginarnim. Razstava bo potovala po sodelujo\u010dih osnovnih \u0161olah.<\/p>\n<p>Dan po otvoritvi so si razstavo z velikim zanimanjem ogledali tudi u\u010denci od 1. do 3. razreda, ki so ob barvitih platnih navdu\u0161eno izra\u017eali svoje vtise in ob\u010dudovali ustvarjalnost starej\u0161ih sovrstnikov, kar potrdijo tudi njihove izjave: &#8220;Ko bom velik, bom tudi tak\u0161en slikar!&#8221;<\/p>\n<p>Pohvala za odli\u010dno izvedbo gre organizatorju leto\u0161njega Ex-tempora, Uro\u0161u Strugarju iz O\u0160 Grm Novo mesto ter Dru\u0161tvu prijateljev mladine Metlika.<\/p>\n<p>mentorica: Tamara Pintari\u010d<\/p>\nngg_shortcode_0_placeholder\n","protected":false},"excerpt":{"rendered":"<p>Leto\u0161nji slikarski Ex tempore mladih likovnikov Bele krajine je potekal v \u010dudovitem jesenskem vzdu\u0161ju 3. oktobra 2025, tokrat prvi\u010d izven meja Bele krajine. Mladi ustvarjalci so se zbrali ob reki [&hellip;]<\/p>\n","protected":false},"author":91022,"featured_media":21222,"comment_status":"closed","ping_status":"closed","sticky":false,"template":"","format":"standard","meta":{"ngg_post_thumbnail":0,"footnotes":""},"categories":[95,19],"tags":[],"class_list":["post-21205","post","type-post","status-publish","format-standard","has-post-thumbnail","hentry","category-arhiv-za-solsko-leto-2025-2026","category-c44-dogodki"],"_links":{"self":[{"href":"https:\/\/www.os-stari-trg-ok.si\/index.php?rest_route=\/wp\/v2\/posts\/21205","targetHints":{"allow":["GET"]}}],"collection":[{"href":"https:\/\/www.os-stari-trg-ok.si\/index.php?rest_route=\/wp\/v2\/posts"}],"about":[{"href":"https:\/\/www.os-stari-trg-ok.si\/index.php?rest_route=\/wp\/v2\/types\/post"}],"author":[{"embeddable":true,"href":"https:\/\/www.os-stari-trg-ok.si\/index.php?rest_route=\/wp\/v2\/users\/91022"}],"replies":[{"embeddable":true,"href":"https:\/\/www.os-stari-trg-ok.si\/index.php?rest_route=%2Fwp%2Fv2%2Fcomments&post=21205"}],"version-history":[{"count":2,"href":"https:\/\/www.os-stari-trg-ok.si\/index.php?rest_route=\/wp\/v2\/posts\/21205\/revisions"}],"predecessor-version":[{"id":21223,"href":"https:\/\/www.os-stari-trg-ok.si\/index.php?rest_route=\/wp\/v2\/posts\/21205\/revisions\/21223"}],"wp:featuredmedia":[{"embeddable":true,"href":"https:\/\/www.os-stari-trg-ok.si\/index.php?rest_route=\/wp\/v2\/media\/21222"}],"wp:attachment":[{"href":"https:\/\/www.os-stari-trg-ok.si\/index.php?rest_route=%2Fwp%2Fv2%2Fmedia&parent=21205"}],"wp:term":[{"taxonomy":"category","embeddable":true,"href":"https:\/\/www.os-stari-trg-ok.si\/index.php?rest_route=%2Fwp%2Fv2%2Fcategories&post=21205"},{"taxonomy":"post_tag","embeddable":true,"href":"https:\/\/www.os-stari-trg-ok.si\/index.php?rest_route=%2Fwp%2Fv2%2Ftags&post=21205"}],"curies":[{"name":"wp","href":"https:\/\/api.w.org\/{rel}","templated":true}]}}