{"id":21458,"date":"2025-11-24T10:09:43","date_gmt":"2025-11-24T09:09:43","guid":{"rendered":"https:\/\/staritrgobkolpi.splet.arnes.si\/?p=21458"},"modified":"2025-11-24T10:16:32","modified_gmt":"2025-11-24T09:16:32","slug":"tradicionalni-slovenski-zajtrk-moja-izbira-je-slovenska-hrana","status":"publish","type":"post","link":"https:\/\/www.os-stari-trg-ok.si\/?p=21458","title":{"rendered":"Tradicionalni slovenski zajtrk \u00bbMoja izbira je slovenska hrana\u00ab"},"content":{"rendered":"<p>Na \u0161oli smo, kot \u017ee tradicionalno vsak 3. teden v novembru, posvetili projektu \u00bbTradicionalni slovenski zajtrk\u00ab (v nadaljevanju TSZ), ki ga promovira ministrstvo za kmetijstvo, gozdarstvo in prehrano. Na \u0161oli smo del tedenskih dejavnosti posvetili ozave\u0161\u010danju o prednostih lokalne oziroma slovenske hrane, razmisleku o na\u0161ih prehranjevalnih navadah in o zmanj\u0161evanju koli\u010din odpadne hrane. Tematiko TSZ so razredniki vklju\u010devali v tedenski pouk, vklju\u010dno s slikanjem tematskih slik, pogovori\u2026<br \/>\nZa dogodek TSZ v petek, 21.11.2025 smo nabavili lokalno pridelano hrano (kruh, maslo, med, mleko in jabolka).<br \/>\nNa dan prireditve smo povabili predstavnico Andrejo Absec, svetovalko za kme\u010dko dru\u017eino in dopolnilne dejavnosti na KGZS \u2013 Kmetijsko gozdarski zavod Novo mesto, Izpostava \u010crnomelj \u2013 Metlika. U\u010dencem in zaposlenim je predstavila pomen lokalno pridelane hrane. Vsak u\u010denec je prejel letak \u010cebelarske zveze Slovenije (<a href=\"https:\/\/www.czs.si\/index.php\">https:\/\/www.czs.si\/index.php<\/a>), za doma\u010do nalogo pa u\u010denci izdelajo kratko obnovo letaka.<br \/>\nDogodek je organizirala skupina za \u0161olsko prehrano, v sodelovanju s Tajni\u0161tvom in u\u010diteljskim zborom; zahvala gre vsem, vklju\u010dno z u\u010denci na\u0161e \u0161ole\u2026<\/p>\n<p>Zahvaljujemo se tudi lokalnemu \u010debelarju Petru \u017dagarju, za donacijo doma\u010dega medu lokalnega porekla.<\/p>\nngg_shortcode_0_placeholder\n","protected":false},"excerpt":{"rendered":"<p>Na \u0161oli smo, kot \u017ee tradicionalno vsak 3. teden v novembru, posvetili projektu \u00bbTradicionalni slovenski zajtrk\u00ab (v nadaljevanju TSZ), ki ga promovira ministrstvo za kmetijstvo, gozdarstvo in prehrano. Na \u0161oli [&hellip;]<\/p>\n","protected":false},"author":91022,"featured_media":21476,"comment_status":"closed","ping_status":"closed","sticky":false,"template":"","format":"standard","meta":{"ngg_post_thumbnail":0,"footnotes":""},"categories":[95,19],"tags":[],"class_list":["post-21458","post","type-post","status-publish","format-standard","has-post-thumbnail","hentry","category-arhiv-za-solsko-leto-2025-2026","category-c44-dogodki"],"_links":{"self":[{"href":"https:\/\/www.os-stari-trg-ok.si\/index.php?rest_route=\/wp\/v2\/posts\/21458","targetHints":{"allow":["GET"]}}],"collection":[{"href":"https:\/\/www.os-stari-trg-ok.si\/index.php?rest_route=\/wp\/v2\/posts"}],"about":[{"href":"https:\/\/www.os-stari-trg-ok.si\/index.php?rest_route=\/wp\/v2\/types\/post"}],"author":[{"embeddable":true,"href":"https:\/\/www.os-stari-trg-ok.si\/index.php?rest_route=\/wp\/v2\/users\/91022"}],"replies":[{"embeddable":true,"href":"https:\/\/www.os-stari-trg-ok.si\/index.php?rest_route=%2Fwp%2Fv2%2Fcomments&post=21458"}],"version-history":[{"count":8,"href":"https:\/\/www.os-stari-trg-ok.si\/index.php?rest_route=\/wp\/v2\/posts\/21458\/revisions"}],"predecessor-version":[{"id":21485,"href":"https:\/\/www.os-stari-trg-ok.si\/index.php?rest_route=\/wp\/v2\/posts\/21458\/revisions\/21485"}],"wp:featuredmedia":[{"embeddable":true,"href":"https:\/\/www.os-stari-trg-ok.si\/index.php?rest_route=\/wp\/v2\/media\/21476"}],"wp:attachment":[{"href":"https:\/\/www.os-stari-trg-ok.si\/index.php?rest_route=%2Fwp%2Fv2%2Fmedia&parent=21458"}],"wp:term":[{"taxonomy":"category","embeddable":true,"href":"https:\/\/www.os-stari-trg-ok.si\/index.php?rest_route=%2Fwp%2Fv2%2Fcategories&post=21458"},{"taxonomy":"post_tag","embeddable":true,"href":"https:\/\/www.os-stari-trg-ok.si\/index.php?rest_route=%2Fwp%2Fv2%2Ftags&post=21458"}],"curies":[{"name":"wp","href":"https:\/\/api.w.org\/{rel}","templated":true}]}}