{"id":21516,"date":"2025-11-26T12:41:37","date_gmt":"2025-11-26T11:41:37","guid":{"rendered":"https:\/\/staritrgobkolpi.splet.arnes.si\/?p=21516"},"modified":"2025-11-27T09:38:17","modified_gmt":"2025-11-27T08:38:17","slug":"peka-strudlja-medgeneracijsko-druzenje","status":"publish","type":"post","link":"https:\/\/www.os-stari-trg-ok.si\/?p=21516","title":{"rendered":"Peka \u0161trudlja \u2013 medgeneracijsko dru\u017eenje"},"content":{"rendered":"<p>V torek, 25. 11. 2025, smo zopet dokazali, da se med generacijami pletejo najlep\u0161e vezi. Posebej takrat, ko zadi\u0161i po doma\u010dem pecivu. Na tradicionalno medgeneracijsko dru\u017eenje smo v vrtec povabili na\u0161e drage dedke in babice, da bi skupaj z nami ustvarili kuharsko dopoldne, polno topline, ustvarjalnosti in dobre volje.<\/p>\n<p>Tokrat se dedki sicer niso opogumili, da bi prijeli za valjar, a to nas sploh ni ustavilo. Pod vodstvom na\u0161ih izku\u0161enih babic smo pogumno zavihali rokave ter se lotili peke \u0161trudlja, medenjakov in maslenih pi\u0161kotov. Mesili smo, valjali, rezali z model\u010dki in oblikovali, dokler se ni iz pe\u010dice raz\u0161iril tisti pravi, doma\u010di vonj, ki napolni prostor in srce. Na\u0161 trud se je popla\u010dal, spekli smo okusne dobrote, ki so nam s slastjo teknile.<\/p>\n<p>Ko smo zaklju\u010dili z delom, smo si vzeli \u010das \u0161e za prijetno dru\u017eenje ob pogovorih in smehu. Radi gostimo na\u0161e najdra\u017eje. To so res iskreni in topli trenutki.<\/p>\n<p>Ob koncu je na\u0161e babice toplo sprejel in nagovoril ravnatelj g. Darjan in pomo\u010dnica ravnatelja v vrtcu ga. Andreja. Ob kavici in sve\u017ee pe\u010denem \u0161trudlju so skupaj \u0161e malo poklepetali in obujali spomine na svoje \u0161olske dni.<\/p>\n<p>Dru\u017eenje nas je napolnilo z hvale\u017enostjo, radostjo in ob\u010dutkom povezanosti, ki bo ostal zavedno v na\u0161ih srcih. Veselimo se naslednjih sre\u010danj, ki bodo ponovno zdru\u017eila male in velike ustvarjalce.<\/p>\n<p>Vir: VVE pri O\u0160 Stari trg ob Kolpi<\/p>\nngg_shortcode_0_placeholder\n","protected":false},"excerpt":{"rendered":"<p>V torek, 25. 11. 2025, smo zopet dokazali, da se med generacijami pletejo najlep\u0161e vezi. Posebej takrat, ko zadi\u0161i po doma\u010dem pecivu. Na tradicionalno medgeneracijsko dru\u017eenje smo v vrtec povabili [&hellip;]<\/p>\n","protected":false},"author":91022,"featured_media":21526,"comment_status":"closed","ping_status":"closed","sticky":false,"template":"","format":"standard","meta":{"ngg_post_thumbnail":0,"footnotes":""},"categories":[95,19,96],"tags":[],"class_list":["post-21516","post","type-post","status-publish","format-standard","has-post-thumbnail","hentry","category-arhiv-za-solsko-leto-2025-2026","category-c44-dogodki","category-dogodki-v-vrtcu-2025-26"],"_links":{"self":[{"href":"https:\/\/www.os-stari-trg-ok.si\/index.php?rest_route=\/wp\/v2\/posts\/21516","targetHints":{"allow":["GET"]}}],"collection":[{"href":"https:\/\/www.os-stari-trg-ok.si\/index.php?rest_route=\/wp\/v2\/posts"}],"about":[{"href":"https:\/\/www.os-stari-trg-ok.si\/index.php?rest_route=\/wp\/v2\/types\/post"}],"author":[{"embeddable":true,"href":"https:\/\/www.os-stari-trg-ok.si\/index.php?rest_route=\/wp\/v2\/users\/91022"}],"replies":[{"embeddable":true,"href":"https:\/\/www.os-stari-trg-ok.si\/index.php?rest_route=%2Fwp%2Fv2%2Fcomments&post=21516"}],"version-history":[{"count":4,"href":"https:\/\/www.os-stari-trg-ok.si\/index.php?rest_route=\/wp\/v2\/posts\/21516\/revisions"}],"predecessor-version":[{"id":21549,"href":"https:\/\/www.os-stari-trg-ok.si\/index.php?rest_route=\/wp\/v2\/posts\/21516\/revisions\/21549"}],"wp:featuredmedia":[{"embeddable":true,"href":"https:\/\/www.os-stari-trg-ok.si\/index.php?rest_route=\/wp\/v2\/media\/21526"}],"wp:attachment":[{"href":"https:\/\/www.os-stari-trg-ok.si\/index.php?rest_route=%2Fwp%2Fv2%2Fmedia&parent=21516"}],"wp:term":[{"taxonomy":"category","embeddable":true,"href":"https:\/\/www.os-stari-trg-ok.si\/index.php?rest_route=%2Fwp%2Fv2%2Fcategories&post=21516"},{"taxonomy":"post_tag","embeddable":true,"href":"https:\/\/www.os-stari-trg-ok.si\/index.php?rest_route=%2Fwp%2Fv2%2Ftags&post=21516"}],"curies":[{"name":"wp","href":"https:\/\/api.w.org\/{rel}","templated":true}]}}