{"id":21553,"date":"2025-11-10T10:06:23","date_gmt":"2025-11-10T09:06:23","guid":{"rendered":"https:\/\/staritrgobkolpi.splet.arnes.si\/?p=21553"},"modified":"2025-12-01T10:16:45","modified_gmt":"2025-12-01T09:16:45","slug":"startup-vikend-2","status":"publish","type":"post","link":"https:\/\/www.os-stari-trg-ok.si\/?p=21553","title":{"rendered":"Startup vikend"},"content":{"rendered":"<p>Tudi letos smo se z u\u010denci podjetni\u0161kega kro\u017eka udele\u017eili <strong>Osnovno\u0161olskega Startup vikenda v \u010crnomlju<\/strong>, ki je 8. in 9. novembra potekal v spro\u0161\u010denem, ustvarjalnem in podjetni\u0161ko navdihnjenem vzdu\u0161ju v podjetni\u0161kem inkubatorju Bela krajina v \u010crnomlju. Dogodek je zdru\u017eil <strong>55 u\u010dencev iz petih belokranjskih osnovnih \u0161ol<\/strong>, med njimi tudi predstavnike na\u0161e \u0161ole.<\/p>\n<p>U\u010denci so pod vodstvom podjetni\u0161kih mentorjev dva dni raziskovali izzive, iskali inovativne re\u0161itve in razvijali svoje prve poslovne ideje. Osrednji del dogodka je bila priprava in predstavitev kratkih <strong>pitchov<\/strong>, v katerih so ekipe predstavile svoje ideje tri\u010dlanski komisiji. Ta je nato razglasila najuspe\u0161nej\u0161e ekipe leto\u0161njega Startup vikenda.<\/p>\n<p>Na\u0161i dve ekipi sta se je izkazali z izvirnimi razmi\u0161ljanji in sodelovanjem. Ponosni smo, da smo bili del dogodka, ki spodbuja ustvarjalnost, kriti\u010dno razmi\u0161ljanje in podjetnost, torej klju\u010dne ve\u0161\u010dine, ki jih mladi potrebujejo za prihodnost.<\/p>\n<p>Aktivnosti podjetni\u0161kega kro\u017eka omogo\u010da javna agencija SPIRIT Slovenija s finan\u010dno podporo Ministrstva za gospodarstvo, turizem in \u0161port.<\/p>\n<p>&nbsp;<\/p>\n<p>Darjan Grudnik, mentor podjetni\u0161kega kro\u017eka<\/p>\nngg_shortcode_0_placeholder\n","protected":false},"excerpt":{"rendered":"<p>Tudi letos smo se z u\u010denci podjetni\u0161kega kro\u017eka udele\u017eili Osnovno\u0161olskega Startup vikenda v \u010crnomlju, ki je 8. in 9. novembra potekal v spro\u0161\u010denem, ustvarjalnem in podjetni\u0161ko navdihnjenem vzdu\u0161ju v podjetni\u0161kem [&hellip;]<\/p>\n","protected":false},"author":91022,"featured_media":21568,"comment_status":"closed","ping_status":"closed","sticky":false,"template":"","format":"standard","meta":{"ngg_post_thumbnail":0,"footnotes":""},"categories":[95,19],"tags":[],"class_list":["post-21553","post","type-post","status-publish","format-standard","has-post-thumbnail","hentry","category-arhiv-za-solsko-leto-2025-2026","category-c44-dogodki"],"_links":{"self":[{"href":"https:\/\/www.os-stari-trg-ok.si\/index.php?rest_route=\/wp\/v2\/posts\/21553","targetHints":{"allow":["GET"]}}],"collection":[{"href":"https:\/\/www.os-stari-trg-ok.si\/index.php?rest_route=\/wp\/v2\/posts"}],"about":[{"href":"https:\/\/www.os-stari-trg-ok.si\/index.php?rest_route=\/wp\/v2\/types\/post"}],"author":[{"embeddable":true,"href":"https:\/\/www.os-stari-trg-ok.si\/index.php?rest_route=\/wp\/v2\/users\/91022"}],"replies":[{"embeddable":true,"href":"https:\/\/www.os-stari-trg-ok.si\/index.php?rest_route=%2Fwp%2Fv2%2Fcomments&post=21553"}],"version-history":[{"count":3,"href":"https:\/\/www.os-stari-trg-ok.si\/index.php?rest_route=\/wp\/v2\/posts\/21553\/revisions"}],"predecessor-version":[{"id":21567,"href":"https:\/\/www.os-stari-trg-ok.si\/index.php?rest_route=\/wp\/v2\/posts\/21553\/revisions\/21567"}],"wp:featuredmedia":[{"embeddable":true,"href":"https:\/\/www.os-stari-trg-ok.si\/index.php?rest_route=\/wp\/v2\/media\/21568"}],"wp:attachment":[{"href":"https:\/\/www.os-stari-trg-ok.si\/index.php?rest_route=%2Fwp%2Fv2%2Fmedia&parent=21553"}],"wp:term":[{"taxonomy":"category","embeddable":true,"href":"https:\/\/www.os-stari-trg-ok.si\/index.php?rest_route=%2Fwp%2Fv2%2Fcategories&post=21553"},{"taxonomy":"post_tag","embeddable":true,"href":"https:\/\/www.os-stari-trg-ok.si\/index.php?rest_route=%2Fwp%2Fv2%2Ftags&post=21553"}],"curies":[{"name":"wp","href":"https:\/\/api.w.org\/{rel}","templated":true}]}}