{"id":21923,"date":"2025-12-31T18:29:36","date_gmt":"2025-12-31T17:29:36","guid":{"rendered":"https:\/\/staritrgobkolpi.splet.arnes.si\/?p=21923"},"modified":"2025-12-31T18:29:36","modified_gmt":"2025-12-31T17:29:36","slug":"drsanje-v-crnomlju","status":"publish","type":"post","link":"https:\/\/www.os-stari-trg-ok.si\/?p=21923","title":{"rendered":"Drsanje v \u010crnomlju"},"content":{"rendered":"<p><span style=\"font-family: Times New Roman, serif\"><span style=\"font-size: medium\">V sredo, 24. 12. 2025, smo za u\u010dence od 1. do 9. razreda ter vrt\u010devske otroke izvedli skupno drsanje v \u010crnomlju. \u017de zjutraj nas je razveselilo pravo zimsko vzdu\u0161je, saj je za\u010del naletavati sneg, ki je \u0161e popestril na\u0161o dejavnost.<\/span><\/span><\/p>\n<p><span style=\"font-family: Times New Roman, serif\"><span style=\"font-size: medium\">Za ve\u010dino u\u010dencev je bilo to prvo sre\u010danje z drsanjem, vendar kljub za\u010detni negotovosti in previdnim korakom ni bilo ve\u010djih te\u017eav. U\u010denci so se hitro prilagodili, si med seboj pomagali ter z veliko navdu\u0161enja osvajali nove spretnosti.<\/span><\/span><\/p>\n<p><span style=\"font-family: Times New Roman, serif\"><span style=\"font-size: medium\">Dogodek je potekal varno in brez zapletov ter je bil lepa prilo\u017enost za gibanje, dru\u017eenje in ustvarjanje prijetnih skupnih spominov v predprazni\u010dnem \u010dasu.<\/span><\/span><\/p>\nngg_shortcode_0_placeholder\n","protected":false},"excerpt":{"rendered":"<p>V sredo, 24. 12. 2025, smo za u\u010dence od 1. do 9. razreda ter vrt\u010devske otroke izvedli skupno drsanje v \u010crnomlju. \u017de zjutraj nas je razveselilo pravo zimsko vzdu\u0161je, saj [&hellip;]<\/p>\n","protected":false},"author":91022,"featured_media":21926,"comment_status":"closed","ping_status":"closed","sticky":false,"template":"","format":"standard","meta":{"ngg_post_thumbnail":0,"footnotes":""},"categories":[95],"tags":[],"class_list":["post-21923","post","type-post","status-publish","format-standard","has-post-thumbnail","hentry","category-arhiv-za-solsko-leto-2025-2026"],"_links":{"self":[{"href":"https:\/\/www.os-stari-trg-ok.si\/index.php?rest_route=\/wp\/v2\/posts\/21923","targetHints":{"allow":["GET"]}}],"collection":[{"href":"https:\/\/www.os-stari-trg-ok.si\/index.php?rest_route=\/wp\/v2\/posts"}],"about":[{"href":"https:\/\/www.os-stari-trg-ok.si\/index.php?rest_route=\/wp\/v2\/types\/post"}],"author":[{"embeddable":true,"href":"https:\/\/www.os-stari-trg-ok.si\/index.php?rest_route=\/wp\/v2\/users\/91022"}],"replies":[{"embeddable":true,"href":"https:\/\/www.os-stari-trg-ok.si\/index.php?rest_route=%2Fwp%2Fv2%2Fcomments&post=21923"}],"version-history":[{"count":1,"href":"https:\/\/www.os-stari-trg-ok.si\/index.php?rest_route=\/wp\/v2\/posts\/21923\/revisions"}],"predecessor-version":[{"id":21927,"href":"https:\/\/www.os-stari-trg-ok.si\/index.php?rest_route=\/wp\/v2\/posts\/21923\/revisions\/21927"}],"wp:featuredmedia":[{"embeddable":true,"href":"https:\/\/www.os-stari-trg-ok.si\/index.php?rest_route=\/wp\/v2\/media\/21926"}],"wp:attachment":[{"href":"https:\/\/www.os-stari-trg-ok.si\/index.php?rest_route=%2Fwp%2Fv2%2Fmedia&parent=21923"}],"wp:term":[{"taxonomy":"category","embeddable":true,"href":"https:\/\/www.os-stari-trg-ok.si\/index.php?rest_route=%2Fwp%2Fv2%2Fcategories&post=21923"},{"taxonomy":"post_tag","embeddable":true,"href":"https:\/\/www.os-stari-trg-ok.si\/index.php?rest_route=%2Fwp%2Fv2%2Ftags&post=21923"}],"curies":[{"name":"wp","href":"https:\/\/api.w.org\/{rel}","templated":true}]}}