{"id":3351,"date":"2018-01-18T16:51:08","date_gmt":"2018-01-18T15:51:08","guid":{"rendered":"http:\/\/staritrgobkolpi.splet.arnes.si\/?p=3351"},"modified":"2018-02-24T08:58:23","modified_gmt":"2018-02-24T07:58:23","slug":"kulturni-dan-porocilo","status":"publish","type":"post","link":"https:\/\/www.os-stari-trg-ok.si\/?p=3351","title":{"rendered":"KULTURNI DAN: Poro\u010dilo"},"content":{"rendered":"<p>V ponedeljek, 15. 1. 2018, smo si z u\u010denci 1. in 2. triade ogledali animirano komi\u010dno pustolov\u0161\u010dino Bikec Ferdinand.<\/p>\n<p>V Kulturnem domu \u010crnomelj so nas tako kot vedno toplo sprejeli in kulturni dan je v nas pustil lepe spomine.<\/p>\n<p>U\u010denci so zapisali tako:<\/p>\n<ol start=\"4\">\n<li>razred<\/li>\n<\/ol>\n<ul>\n<li>Najbolj\u0161i del v risanki mi je bil takrat, ko je bikec z usti pregriznil elektri\u010dno \u017eico in o\u017eivel zajca ter takrat ko so be\u017eali s posestva. Najbolj sme\u0161na mi je bila koza, ki je pomagala Ferdinandu pri tekmovanju. Najbolj \u017ealosten del je bil, ko umre o\u010de od Ferdinanda. Zgodba nas \u017eeli nau\u010diti, da ni pametno sodelovati v pretepih.<\/li>\n<li>Moj najljub\u0161i dogodek je bil, ko je Ferdinand premagal gospoda. Najbolj pri srcu sta mi bila Ferdinand in koza. Najbolj \u017ealosten del je bil, ko je Nina izgubila Ferdinanda. Nauk zgodbe je, da moramo biti med seboj prijatelji. Film je bil zanimiv, \u017ealosten in tudi pou\u010den.<\/li>\n<li>V\u0161e\u010d mi je bilo, ko so be\u017eali iz klavnice in ko so plesali s konji. \u017dalostno je bilo takrat, ko je umrl o\u010de od bikca. Najbolj sme\u0161na mi je bila koza in \u00bbKostko\u00ab, ker je sme\u0161no plesal. Zlobna oseba je bil Valente in drug gospod, ki je pobijal bike. Zgodba nas je nau\u010dila, da si moramo pomagati in da se ni dobro pretepati.<\/li>\n<li>Najbolj\u0161i stavek v filmu mi je bila izjava psa: \u00abPorka motorka, saj vas je cela \u010dreda.\u00ab Sme\u0161na je bila tudi koza, ki je rekla, da imajo \u017eenske prednost.<\/li>\n<li>Zgodba nas \u017eeli nau\u010diti, da se moramo boriti za \u017eivljenje in si med seboj pomagati.<\/li>\n<li>Najbolj\u0161i dogodek mi je bil tisti, ko je Ferdinand vrgel koko\u0161 v zrak.<\/li>\n<li>Najbolj sme\u0161ni so mi bili koza, zaj\u010dek, konji in biki, ker so imeli \u010dudno obliko obraza in \u0161e nerodni so bili.<\/li>\n<li>Zgodba nas \u017eeli nau\u010diti, da mora\u0161 pri iskanju prijateljev gledati njegovo notranjost in ne samo zunanji izgled. Tudi \u010de delujejo nenavadni, jih mora\u0161 najprej spoznati.<\/li>\n<\/ul>\n<ol start=\"5\">\n<li>razred:<\/li>\n<\/ol>\n<ul>\n<li>Risanka Bikec Ferdinand je bila zelo zanimiva. Najbolj\u0161i del mi je bil, ko se je bikec usedel na \u010debelo in se posledi\u010dno zavil v \u010drno in belo brisa\u010do. Tako je izgledal kot \u00bbnuna bik\u00ab. Ko so pri\u0161le nune mimo in ga zagledale, so za\u010dele moliti. Najbolj\u0161a \u017eival mi je bila koza, ker je bila posebna in je sme\u0161no govorila. Najbolj \u017ealosten del zgodbe mi je bil takrat, ko so bikca odpeljali,; najbolj vesel pa takrat, ko so pri\u0161li vsi biki domov. Hudoben lik je bil Valente, najprijaznej\u0161i pa Ferdinand. Risanka nas \u017eeli nau\u010diti, da moramo druge sprejemati tak\u0161ne kot so, da se moramo spo\u0161tovati, sodelovati in ne grdo govoriti drug z drugim.<\/li>\n<li>Najbolj\u0161i dogodek mi je bil, ko je bikec pri\u0161el na Ninino kmetijo, vonjal ro\u017ee, ob\u010dudoval razgled ter gledal z Nino risanke na kav\u010du. Ta del mi je bil v\u0161e\u010d, ker mi je lepo, \u010de se imata dve osebi radi. Najbolj \u017ealosten del zgodbe mi je bil takrat, ko je moral bikec v boj. Zabavno je bilo, ko so v filmu veliko plesali in peli. Najljub\u0161a oseba mi je bila koza, ker je govorila traparije (\u00bbsveta pa\u0161teta\u00ab). Bikec Ferdinand pa je bil zelo prijazen. Takoj je ugotovil, da ga ima ku\u017ea v resnici zelo rad, \u010deprav to ljubezen skriva. Risanka nas \u017eeli nau\u010diti, da ni mo\u010d tista, ki dolo\u010da \u010dloveka ali \u017eival. Vsi smo med seboj enakopravni.<\/li>\n<\/ul>\n<p>&nbsp;<\/p>\n<ol start=\"6\">\n<li>razred<\/li>\n<\/ol>\n<ul>\n<li>Najbolj\u0161i del mi je bil tisti, ko se bikec bori z gospodom, najbolj \u017ealosten pa odhod v klavnico. Najlep\u0161i bik je bil Ferdinand.<\/li>\n<li>Najbolj sme\u0161na je bila koza, saj je delala zanimive mimike obraza, sploh ni vedela kaj govori in sme\u0161no je plesala. Film nas \u017eeli nau\u010diti, da s pretepom ne dose\u017eemo ni\u010d.<\/li>\n<\/ul>\n<p><a href=\"http:\/\/staritrgobkolpi.splet.arnes.si\/?attachment_id=3355\" rel=\"attachment wp-att-3355\"><img loading=\"lazy\" decoding=\"async\" class=\"wp-image-3355 aligncenter\" src=\"http:\/\/staritrgobkolpi.splet.arnes.si\/files\/2018\/01\/Bikec1-800x535.jpg\" alt=\"\" width=\"509\" height=\"340\" srcset=\"https:\/\/www.os-stari-trg-ok.si\/files\/2018\/01\/Bikec1-800x535.jpg 800w, https:\/\/www.os-stari-trg-ok.si\/files\/2018\/01\/Bikec1-300x201.jpg 300w, https:\/\/www.os-stari-trg-ok.si\/files\/2018\/01\/Bikec1-768x514.jpg 768w, https:\/\/www.os-stari-trg-ok.si\/files\/2018\/01\/Bikec1-82x55.jpg 82w, https:\/\/www.os-stari-trg-ok.si\/files\/2018\/01\/Bikec1.jpg 1385w\" sizes=\"auto, (max-width: 509px) 100vw, 509px\" \/><\/a><a href=\"http:\/\/staritrgobkolpi.splet.arnes.si\/?attachment_id=3357\" rel=\"attachment wp-att-3357\"><img loading=\"lazy\" decoding=\"async\" class=\"wp-image-3357 aligncenter\" src=\"http:\/\/staritrgobkolpi.splet.arnes.si\/files\/2018\/01\/Bikec2-800x535.jpg\" alt=\"\" width=\"513\" height=\"343\" srcset=\"https:\/\/www.os-stari-trg-ok.si\/files\/2018\/01\/Bikec2-800x535.jpg 800w, https:\/\/www.os-stari-trg-ok.si\/files\/2018\/01\/Bikec2-300x201.jpg 300w, https:\/\/www.os-stari-trg-ok.si\/files\/2018\/01\/Bikec2-768x514.jpg 768w, https:\/\/www.os-stari-trg-ok.si\/files\/2018\/01\/Bikec2-82x55.jpg 82w, https:\/\/www.os-stari-trg-ok.si\/files\/2018\/01\/Bikec2.jpg 1385w\" sizes=\"auto, (max-width: 513px) 100vw, 513px\" \/><\/a><a href=\"http:\/\/staritrgobkolpi.splet.arnes.si\/?attachment_id=3359\" rel=\"attachment wp-att-3359\"><img loading=\"lazy\" decoding=\"async\" class=\"wp-image-3359 aligncenter\" src=\"http:\/\/staritrgobkolpi.splet.arnes.si\/files\/2018\/01\/Bikec3-800x535.jpg\" alt=\"\" width=\"505\" height=\"337\" srcset=\"https:\/\/www.os-stari-trg-ok.si\/files\/2018\/01\/Bikec3-800x535.jpg 800w, https:\/\/www.os-stari-trg-ok.si\/files\/2018\/01\/Bikec3-300x201.jpg 300w, https:\/\/www.os-stari-trg-ok.si\/files\/2018\/01\/Bikec3-768x514.jpg 768w, https:\/\/www.os-stari-trg-ok.si\/files\/2018\/01\/Bikec3-82x55.jpg 82w, https:\/\/www.os-stari-trg-ok.si\/files\/2018\/01\/Bikec3.jpg 1385w\" sizes=\"auto, (max-width: 505px) 100vw, 505px\" \/><\/a><a href=\"http:\/\/staritrgobkolpi.splet.arnes.si\/?attachment_id=3361\" rel=\"attachment wp-att-3361\"><img loading=\"lazy\" decoding=\"async\" class=\"wp-image-3361 aligncenter\" src=\"http:\/\/staritrgobkolpi.splet.arnes.si\/files\/2018\/01\/Bikec4-800x535.jpg\" alt=\"\" width=\"507\" height=\"339\" srcset=\"https:\/\/www.os-stari-trg-ok.si\/files\/2018\/01\/Bikec4-800x535.jpg 800w, https:\/\/www.os-stari-trg-ok.si\/files\/2018\/01\/Bikec4-300x201.jpg 300w, https:\/\/www.os-stari-trg-ok.si\/files\/2018\/01\/Bikec4-768x514.jpg 768w, https:\/\/www.os-stari-trg-ok.si\/files\/2018\/01\/Bikec4-82x55.jpg 82w, https:\/\/www.os-stari-trg-ok.si\/files\/2018\/01\/Bikec4.jpg 1385w\" sizes=\"auto, (max-width: 507px) 100vw, 507px\" \/><\/a><a href=\"http:\/\/staritrgobkolpi.splet.arnes.si\/?attachment_id=3403\" rel=\"attachment wp-att-3403\"><img loading=\"lazy\" decoding=\"async\" class=\" wp-image-3403 aligncenter\" src=\"http:\/\/staritrgobkolpi.splet.arnes.si\/files\/2018\/01\/image1-556x600.jpg\" alt=\"\" width=\"534\" height=\"576\" srcset=\"https:\/\/www.os-stari-trg-ok.si\/files\/2018\/01\/image1-556x600.jpg 556w, https:\/\/www.os-stari-trg-ok.si\/files\/2018\/01\/image1-278x300.jpg 278w, https:\/\/www.os-stari-trg-ok.si\/files\/2018\/01\/image1-768x828.jpg 768w, https:\/\/www.os-stari-trg-ok.si\/files\/2018\/01\/image1-51x55.jpg 51w\" sizes=\"auto, (max-width: 534px) 100vw, 534px\" \/><\/a><\/p>\n<p>&nbsp;<\/p>\n<p>&nbsp;<\/p>\n","protected":false},"excerpt":{"rendered":"<p>V ponedeljek, 15. 1. 2018, smo si z u\u010denci 1. in 2. triade ogledali animirano komi\u010dno pustolov\u0161\u010dino Bikec Ferdinand. V Kulturnem domu \u010crnomelj so nas tako kot vedno toplo sprejeli [&hellip;]<\/p>\n","protected":false},"author":17327,"featured_media":3403,"comment_status":"closed","ping_status":"closed","sticky":false,"template":"","format":"standard","meta":{"ngg_post_thumbnail":0,"footnotes":""},"categories":[57,19],"tags":[],"class_list":["post-3351","post","type-post","status-publish","format-standard","has-post-thumbnail","hentry","category-arhiv-za-solsko-leto-20172018","category-c44-dogodki"],"_links":{"self":[{"href":"https:\/\/www.os-stari-trg-ok.si\/index.php?rest_route=\/wp\/v2\/posts\/3351","targetHints":{"allow":["GET"]}}],"collection":[{"href":"https:\/\/www.os-stari-trg-ok.si\/index.php?rest_route=\/wp\/v2\/posts"}],"about":[{"href":"https:\/\/www.os-stari-trg-ok.si\/index.php?rest_route=\/wp\/v2\/types\/post"}],"author":[{"embeddable":true,"href":"https:\/\/www.os-stari-trg-ok.si\/index.php?rest_route=\/wp\/v2\/users\/17327"}],"replies":[{"embeddable":true,"href":"https:\/\/www.os-stari-trg-ok.si\/index.php?rest_route=%2Fwp%2Fv2%2Fcomments&post=3351"}],"version-history":[{"count":5,"href":"https:\/\/www.os-stari-trg-ok.si\/index.php?rest_route=\/wp\/v2\/posts\/3351\/revisions"}],"predecessor-version":[{"id":3407,"href":"https:\/\/www.os-stari-trg-ok.si\/index.php?rest_route=\/wp\/v2\/posts\/3351\/revisions\/3407"}],"wp:featuredmedia":[{"embeddable":true,"href":"https:\/\/www.os-stari-trg-ok.si\/index.php?rest_route=\/wp\/v2\/media\/3403"}],"wp:attachment":[{"href":"https:\/\/www.os-stari-trg-ok.si\/index.php?rest_route=%2Fwp%2Fv2%2Fmedia&parent=3351"}],"wp:term":[{"taxonomy":"category","embeddable":true,"href":"https:\/\/www.os-stari-trg-ok.si\/index.php?rest_route=%2Fwp%2Fv2%2Fcategories&post=3351"},{"taxonomy":"post_tag","embeddable":true,"href":"https:\/\/www.os-stari-trg-ok.si\/index.php?rest_route=%2Fwp%2Fv2%2Ftags&post=3351"}],"curies":[{"name":"wp","href":"https:\/\/api.w.org\/{rel}","templated":true}]}}