{"id":3373,"date":"2018-01-25T07:45:11","date_gmt":"2018-01-25T06:45:11","guid":{"rendered":"http:\/\/staritrgobkolpi.splet.arnes.si\/?p=3373"},"modified":"2018-01-26T18:09:58","modified_gmt":"2018-01-26T17:09:58","slug":"2-naravoslovni-dan-na-os-stari-trg-ob-kolpi","status":"publish","type":"post","link":"https:\/\/www.os-stari-trg-ok.si\/?p=3373","title":{"rendered":"2. naravoslovni dan na O\u0160 Stari trg ob Kolpi"},"content":{"rendered":"<p>V za\u010detku februarja se bo, v sodelovanju z ZD \u010crnomelj, izvedel <strong>2. naravoslovni dan<\/strong> na temo zdravstvena in zobozdravstvena vzgoja. Naravoslovni dan (po tridah) bo potekal po naslednjem razporedu in programu:<\/p>\n<table>\n<tbody>\n<tr>\n<td rowspan=\"2\" width=\"94\"><strong>Datum<\/strong><\/td>\n<td rowspan=\"2\" width=\"76\"><strong>Razred<\/strong><\/td>\n<td colspan=\"2\" width=\"434\"><strong>Tema<\/strong><\/td>\n<\/tr>\n<tr>\n<td width=\"217\"><em>Zdravstvena vzgoja<\/em><\/td>\n<td width=\"217\"><em>Zobozdravstvena vzgoja<\/em><\/td>\n<\/tr>\n<tr>\n<td rowspan=\"2\" width=\"94\">\n<p>\u010detrtek<\/p>\n<p>1. 2. 2018<\/td>\n<td width=\"76\">1.<\/td>\n<td width=\"217\">Zdrave navade<\/td>\n<td width=\"217\">Mali zobki delajo veliko delo<\/td>\n<\/tr>\n<tr>\n<td width=\"76\">2. in 3.<\/td>\n<td width=\"217\">Osebna higiena<\/td>\n<td width=\"217\">Mle\u010dni in stalni zobje<\/td>\n<\/tr>\n<tr>\n<td width=\"94\"><\/td>\n<td width=\"76\"><\/td>\n<td width=\"217\"><\/td>\n<td width=\"217\"><\/td>\n<\/tr>\n<tr>\n<td width=\"94\">\n<p>petek<\/p>\n<p>2. 2. 2018<\/td>\n<td width=\"76\">7., 8. in 9.<\/td>\n<td width=\"217\">Medosebni odnosi<\/td>\n<td width=\"217\">Zdrave dlesni in zdravi zobje<\/td>\n<\/tr>\n<tr>\n<td width=\"94\"><\/td>\n<td width=\"76\"><\/td>\n<td width=\"217\"><\/td>\n<td width=\"217\"><\/td>\n<\/tr>\n<tr>\n<td rowspan=\"2\" width=\"94\">\n<p>ponedeljek<\/p>\n<p>5. 2. 2018<\/td>\n<td width=\"76\">4.<\/td>\n<td width=\"217\">Prepre\u010devanje po\u0161kodb<\/td>\n<td width=\"217\">Izra\u0161\u010danje, naloge in nega zob<\/td>\n<\/tr>\n<tr>\n<td width=\"76\">5. in 6.<\/td>\n<td width=\"217\">Odra\u0161\u010danje<\/td>\n<td width=\"217\">Razvojne nepravilnosti zob<\/td>\n<\/tr>\n<\/tbody>\n<\/table>\n<p><strong>Lokacija izvedbe:<\/strong> O\u0160 Stari trg ob Kolpi<\/p>\n<p><strong>Trajanje:<\/strong> 5 \u0161olskih ur (7:55-12:15)<\/p>\n<p>&nbsp;<\/p>\n<p>Zapisala: Ana Gril<\/p>\n<p>&nbsp;<\/p>\n","protected":false},"excerpt":{"rendered":"<p>V za\u010detku februarja se bo, v sodelovanju z ZD \u010crnomelj, izvedel 2. naravoslovni dan na temo zdravstvena in zobozdravstvena vzgoja. Naravoslovni dan (po tridah) bo potekal po naslednjem razporedu in [&hellip;]<\/p>\n","protected":false},"author":17619,"featured_media":0,"comment_status":"closed","ping_status":"closed","sticky":false,"template":"","format":"standard","meta":{"ngg_post_thumbnail":0,"footnotes":""},"categories":[57,19],"tags":[],"class_list":["post-3373","post","type-post","status-publish","format-standard","hentry","category-arhiv-za-solsko-leto-20172018","category-c44-dogodki"],"_links":{"self":[{"href":"https:\/\/www.os-stari-trg-ok.si\/index.php?rest_route=\/wp\/v2\/posts\/3373","targetHints":{"allow":["GET"]}}],"collection":[{"href":"https:\/\/www.os-stari-trg-ok.si\/index.php?rest_route=\/wp\/v2\/posts"}],"about":[{"href":"https:\/\/www.os-stari-trg-ok.si\/index.php?rest_route=\/wp\/v2\/types\/post"}],"author":[{"embeddable":true,"href":"https:\/\/www.os-stari-trg-ok.si\/index.php?rest_route=\/wp\/v2\/users\/17619"}],"replies":[{"embeddable":true,"href":"https:\/\/www.os-stari-trg-ok.si\/index.php?rest_route=%2Fwp%2Fv2%2Fcomments&post=3373"}],"version-history":[{"count":4,"href":"https:\/\/www.os-stari-trg-ok.si\/index.php?rest_route=\/wp\/v2\/posts\/3373\/revisions"}],"predecessor-version":[{"id":3381,"href":"https:\/\/www.os-stari-trg-ok.si\/index.php?rest_route=\/wp\/v2\/posts\/3373\/revisions\/3381"}],"wp:attachment":[{"href":"https:\/\/www.os-stari-trg-ok.si\/index.php?rest_route=%2Fwp%2Fv2%2Fmedia&parent=3373"}],"wp:term":[{"taxonomy":"category","embeddable":true,"href":"https:\/\/www.os-stari-trg-ok.si\/index.php?rest_route=%2Fwp%2Fv2%2Fcategories&post=3373"},{"taxonomy":"post_tag","embeddable":true,"href":"https:\/\/www.os-stari-trg-ok.si\/index.php?rest_route=%2Fwp%2Fv2%2Ftags&post=3373"}],"curies":[{"name":"wp","href":"https:\/\/api.w.org\/{rel}","templated":true}]}}