{"id":3491,"date":"2018-02-11T20:38:43","date_gmt":"2018-02-11T19:38:43","guid":{"rendered":"http:\/\/staritrgobkolpi.splet.arnes.si\/?p=3491"},"modified":"2018-03-26T15:52:44","modified_gmt":"2018-03-26T13:52:44","slug":"praznovali-smo-presernov-dan","status":"publish","type":"post","link":"https:\/\/www.os-stari-trg-ok.si\/?p=3491","title":{"rendered":"Praznovali smo Pre\u0161ernov dan"},"content":{"rendered":"<p><em>Tudi na na\u0161i \u0161oli smo slovesno obele\u017eili Pre\u0161ernov dan &#8211; slovenski kulturni praznik. Proslavo smo pripravili v sredo, 7. februarja. V kulturnem programu so nastopili \u010dlani otro\u0161kega in mladinskega pevskega zbora in kulturno-umetni\u0161kega kro\u017eka.\u00a0<\/em><\/p>\n<p><em>Prisluhnili smo kraj\u0161emu recitalu Pre\u0161ernovih pesmi O, Vrba, Apel in \u010devljar, U\u010denec, Nezakonska mati in Pismo star\u0161em v izvedbi deveto\u0161olk Karmen in Lucije, pridru\u017eile pa so se jima gospe Mojca, Slavica in Marija. S kratko dramsko igro Naredimo pti\u010djo hi\u0161ico so nastopili u\u010denci 4. in 5. razreda Ajda, Kristjan in Aleksander, deveto\u0161olci pa so uprizorili odlomek iz Partlji\u010deve komedije \u0160\u010duka, da te kap. U\u010denci, ki obiskujejo otro\u0161ki pevski zbor, so zapeli pesmi Muca na klavir igra in Pravo prijateljstvo, \u010dlani mladinskega pevskega zbora pa Pastir\u010de mlado in \u010cez \u0160u\u0161tarski most. Tako kot smo proslavo pri\u010deli, smo jo tudi sklenili, z Zdravljico. Na za\u010detku prireditve smo prisluhnili dr\u017eavni himni, na koncu pa deklamaciji \u010dlanov kulturno-umetni\u0161kega kro\u017eka.<\/em><\/p>\n<p><em>Prazni\u010dno vzdu\u0161je sta popestrili scenska kulisa z likovnimi upodobitvami pesnika Franceta Pre\u0161erna, ki so jih ustvarili u\u010denci, in ra\u010dunalni\u0161ka projekcija utrinkov iz poetovega \u017eivljenja in njegovih del. <\/em><\/p>\n<p><em>Veseli smo bili lepega obiska star\u0161ev in krajanov.<\/em><\/p>\n<p>Marija Volf, koordinatorka prireditve<\/p>\n<p>&nbsp;<\/p>\n<p><strong><em>Povezovalno besedilo proslave so ustvarili u\u010denci 9. razreda:<\/em><\/strong><\/p>\n<p>France Pre\u0161eren je zame najve\u010dji slovenski pesnik, ker je napisal Zdravljico, ki je danes dr\u017eavna himna Republike Slovenije. Najlep\u0161i Pre\u0161ernov verz mi je O Vrba, sre\u010dna, draga vas doma\u010da, ker pove, kako zelo je imel Pre\u0161eren rad svoj dom. Zelo mi je v\u0161e\u010d tudi pesem Pod oknom. Ko sem bil majhen, \u0161e predno sem \u0161el v \u0161olo, sem jo \u017ee znal na pamet.<\/p>\n<p>Janez Konda<\/p>\n<p>O Vrba, res mi predraga pesem, ki se me je najbolj dotaknila. \u00bbO Vrba, sre\u010dna, draga vas doma\u010da, kjer hi\u0161a mojega stoji o\u010deta.\u00ab\u00a0 &#8211; prelepa verza o domu in domovini! Pri Pre\u0161ernu se mi zdi edinstveno tudi to, da je znal mojstrsko povezati vsebino in obliko pesmi, na primer napitnico Zdravljico je napisal v kiticah, ki imajo obliko \u010da\u0161e za vino.<\/p>\n<p>Nika Rauh<\/p>\n<p>Moja najljub\u0161a Pre\u0161ernova pesem je Povodni mo\u017e. \u010ceprav smo jo poslu\u0161ali in brali od prvega razreda naprej, se je \u0161e danes nismo naveli\u010dali. V\u0161e\u010d pa mi je tudi tretja Gazela, ki smo jo obravnavali pred kratkim, saj izpoveduje ljubezen.<\/p>\n<p>\u017diva Miheli\u0107<\/p>\n<p>Na\u0161 najve\u010dji pesnik se je pisal Pre\u0161ern in tudi Pre\u0161erin. Zanimivo je, da besedna zveza biti pre\u0161eren pomeni biti vesel, a na\u0161 pesnik je bil pogosto \u017ealosten in nesre\u010den. Po mojem mnenju je Pre\u0161eren na\u0161 najve\u010dji pesnik zaradi sedme kitice Zdravljice, ki je na\u0161a dr\u017eavna himna, in zato, ker vsi Slovenci poznamo njegove pesmi Povodni mo\u017e, Turja\u0161ka Rozamunda, Krst pri Savici, Apel in \u010devljar in druge. Veliko jih je tudi uglasbenih, na primer Pod oknom in Dekletom. Prav posebna pa je njegova pesem O Vrba, sre\u010dna, draga vas doma\u010da. Mislim, da jo mnogi znamo na pamet, da je kot ponarodela. Pesnik ob\u017ealuje, da ga je \u017eelja po u\u010denosti in izobrazbi, ki ji pravi goljufiva ka\u010da, zvabila v svet.<\/p>\n<p>Pre\u0161ernov dan, 8. februar, je poseben praznik. Po vsej Sloveniji se vrstijo prireditve in proslave. Veliko ljudi se zbere pred pesnikovim spomenikom v rojstni Vrbi in tudi v Kranju, kjer je \u017eivel nekaj let in je tam pokopan. Pred Pre\u0161ernovim spomenikom v Ljubljani pa znani slovenski igralci recitirajo njegove pesmi.<\/p>\n<p>Karmen \u0160terbenc<\/p>\n<p>France Pre\u0161eren je pomemben za slovensko pesni\u0161tvo tudi zato, ker je ustvaril nove pesni\u0161ke oblike, kot so sonet, balada, romanca, ep, glosa, gazela. Tema njegovih pesmi je ljubezen, neusli\u0161ana ljubezen do dekleta, do Primi\u010deve Julije, in ljubezen do domovine. Slednjo je najlep\u0161e izpovedal v Zdravljici. Vanjo je v obliki vinskega kozarca vliv veselje do domovine in naroda. Z Zdravljico kot dr\u017eavno himno se Slovenci zavedamo svojih korenin in se ponosno predstavljamo po svetu. Kako lepo je sli\u0161ati himno na kulturnih in \u0161e bolj na \u0161portnih prireditvah. Ob zmagah na\u0161ih \u0161portnikov jo zapojemo iz srca.<\/p>\n<p>V\u0161e\u010d so mi tudi Pre\u0161ernove uglasbene pesmi, taka je Pod oknom. Ta mi je \u0161e posebej pri srcu. In pa sonet Apel in \u010devljar, ker ima globoko in vsem razumljivo sporo\u010dilo: \u00bbLe \u010devlje sodi naj Kopitar!\u00ab Kako dobro je Pre\u0161eren povedal, da naj vsak dela svoje delo.<\/p>\n<p>Mislim, da bi Pre\u0161ernove Poezije morala imeti vsaka slovenska dru\u017eina. Da bi prebirali Pre\u0161ernove pesmi in jih prena\u0161ali iz roda v rod. Pre\u0161ernov dan \u2013 slovenski kulturni praznik je zelo pomemben dan.<\/p>\n<p>Lucija Konda<\/p>\n<p>Za mene je Pre\u0161eren najve\u010dji pesnik, ker je avtor slovenske himne Zdravljice. Najbolj mi je v\u0161e\u010d njegova pesem Vrba pa tudi Povodni mo\u017e, Gazela, Glosa, Apel in \u010devljar. V\u0161e\u010d mi je Zdravljica, ker je likovna pesem, ki ima obliko keliha. V Pre\u0161ernovem \u017eivljenju mi je najbolj zanimivo, da je otrokom delil fige in bil zaljubljen v Primi\u010devo Julijo, za njo je napisal Sonetni venec. Zanimivo mi je tudi to, da je iz tako skromnega \u010dloveka nastal tako velik pesnik. Spominjamo se ga vsako leto, in sicer 8. februarja, ko praznujemo Pre\u0161ernov dan, in 3. decembra, ko praznujemo Ta veseli dan kulture.<\/p>\n<p>Luka \u0160egina<\/p>\n<p>&nbsp;<\/p>\n<p><img decoding=\"async\" src=\"https:\/\/www.megashop.si\/nohtek\/izdelki\/1200\/DSC_1027.jpg\" alt=\"Rezultat iskanja slik za pre\u0161eren\" \/><\/p>\n<p>&nbsp;<\/p>\n<p>&nbsp;<\/p>\n<p>&nbsp;<\/p>\n<p>&nbsp;<\/p>\n","protected":false},"excerpt":{"rendered":"<p>Tudi na na\u0161i \u0161oli smo slovesno obele\u017eili Pre\u0161ernov dan &#8211; slovenski kulturni praznik. Proslavo smo pripravili v sredo, 7. februarja. V kulturnem programu so nastopili \u010dlani otro\u0161kega in mladinskega pevskega [&hellip;]<\/p>\n","protected":false},"author":17493,"featured_media":0,"comment_status":"closed","ping_status":"closed","sticky":false,"template":"","format":"standard","meta":{"ngg_post_thumbnail":0,"footnotes":""},"categories":[57,19],"tags":[],"class_list":["post-3491","post","type-post","status-publish","format-standard","hentry","category-arhiv-za-solsko-leto-20172018","category-c44-dogodki"],"_links":{"self":[{"href":"https:\/\/www.os-stari-trg-ok.si\/index.php?rest_route=\/wp\/v2\/posts\/3491","targetHints":{"allow":["GET"]}}],"collection":[{"href":"https:\/\/www.os-stari-trg-ok.si\/index.php?rest_route=\/wp\/v2\/posts"}],"about":[{"href":"https:\/\/www.os-stari-trg-ok.si\/index.php?rest_route=\/wp\/v2\/types\/post"}],"author":[{"embeddable":true,"href":"https:\/\/www.os-stari-trg-ok.si\/index.php?rest_route=\/wp\/v2\/users\/17493"}],"replies":[{"embeddable":true,"href":"https:\/\/www.os-stari-trg-ok.si\/index.php?rest_route=%2Fwp%2Fv2%2Fcomments&post=3491"}],"version-history":[{"count":2,"href":"https:\/\/www.os-stari-trg-ok.si\/index.php?rest_route=\/wp\/v2\/posts\/3491\/revisions"}],"predecessor-version":[{"id":3495,"href":"https:\/\/www.os-stari-trg-ok.si\/index.php?rest_route=\/wp\/v2\/posts\/3491\/revisions\/3495"}],"wp:attachment":[{"href":"https:\/\/www.os-stari-trg-ok.si\/index.php?rest_route=%2Fwp%2Fv2%2Fmedia&parent=3491"}],"wp:term":[{"taxonomy":"category","embeddable":true,"href":"https:\/\/www.os-stari-trg-ok.si\/index.php?rest_route=%2Fwp%2Fv2%2Fcategories&post=3491"},{"taxonomy":"post_tag","embeddable":true,"href":"https:\/\/www.os-stari-trg-ok.si\/index.php?rest_route=%2Fwp%2Fv2%2Ftags&post=3491"}],"curies":[{"name":"wp","href":"https:\/\/api.w.org\/{rel}","templated":true}]}}