{"id":3545,"date":"2018-02-21T10:55:16","date_gmt":"2018-02-21T09:55:16","guid":{"rendered":"http:\/\/staritrgobkolpi.splet.arnes.si\/?p=3545"},"modified":"2018-02-24T08:51:17","modified_gmt":"2018-02-24T07:51:17","slug":"3545","status":"publish","type":"post","link":"https:\/\/www.os-stari-trg-ok.si\/?p=3545","title":{"rendered":"28. otro\u0161ki ob\u010dinski parlament"},"content":{"rendered":"<div class=\"article-body clearfix\">\n<p>20.2.2018 je v sejni sobi Ob\u010dine \u010crnomelj potekal 28. otro\u0161ki ob\u010dinski parlament, kjer so otroci iz petih O\u0160 v ob\u010dini razpravljali na izbrano temo \u2013 \u0160olstvo in \u0161olski sistem. Zbrane sta nagovorili predsednica Dru\u0161tva prijateljev mladine \u010crnomelj, gospa Tanja Vidic in \u017eupanja ob\u010dine \u010crnomelj, gospa Mojca \u010cemas Stjepanovi\u010d.<\/p>\n<p>Najprej so otroci potrdili poro\u010dilo 27. otro\u0161kega ob\u010dinskega parlamenta, zatem pa so se predstavili udele\u017eenci leto\u0161njega. Razprava je bila pestra. Otroci so odlo\u010dno in pogumno podajali prakti\u010dne in zanimive predloge glede \u0161olskega sistema. Beseda je tekla o na\u010dinu dela v razredu, o u\u010diteljevem delu, o nacionalnih preizkusih znanja, o doma\u010dih nalogah in drugih obveznostih, ki so povezane z osnovno \u0161olo. Iz na\u0161e \u0161ole sta se parlamenta udele\u017eili u\u010denki 9. razreda, Lucija Konda in Karmen \u0160terbenc. Lucija je bila izbrana, da se udele\u017ei, skupaj z ostalimi izbranimi predstavniki, regijskega sre\u010danja v Novem mestu.<\/p>\n<p>[wzslider]<\/p>\n<p>&nbsp;<\/p>\n<p>&nbsp;<\/p>\n<p>&nbsp;<\/p>\n<\/div>\n","protected":false},"excerpt":{"rendered":"<p>20.2.2018 je v sejni sobi Ob\u010dine \u010crnomelj potekal 28. otro\u0161ki ob\u010dinski parlament, kjer so otroci iz petih O\u0160 v ob\u010dini razpravljali na izbrano temo \u2013 \u0160olstvo in \u0161olski sistem. Zbrane [&hellip;]<\/p>\n","protected":false},"author":17501,"featured_media":0,"comment_status":"closed","ping_status":"closed","sticky":false,"template":"","format":"standard","meta":{"ngg_post_thumbnail":0,"footnotes":""},"categories":[57,19],"tags":[],"class_list":["post-3545","post","type-post","status-publish","format-standard","hentry","category-arhiv-za-solsko-leto-20172018","category-c44-dogodki"],"_links":{"self":[{"href":"https:\/\/www.os-stari-trg-ok.si\/index.php?rest_route=\/wp\/v2\/posts\/3545","targetHints":{"allow":["GET"]}}],"collection":[{"href":"https:\/\/www.os-stari-trg-ok.si\/index.php?rest_route=\/wp\/v2\/posts"}],"about":[{"href":"https:\/\/www.os-stari-trg-ok.si\/index.php?rest_route=\/wp\/v2\/types\/post"}],"author":[{"embeddable":true,"href":"https:\/\/www.os-stari-trg-ok.si\/index.php?rest_route=\/wp\/v2\/users\/17501"}],"replies":[{"embeddable":true,"href":"https:\/\/www.os-stari-trg-ok.si\/index.php?rest_route=%2Fwp%2Fv2%2Fcomments&post=3545"}],"version-history":[{"count":3,"href":"https:\/\/www.os-stari-trg-ok.si\/index.php?rest_route=\/wp\/v2\/posts\/3545\/revisions"}],"predecessor-version":[{"id":3629,"href":"https:\/\/www.os-stari-trg-ok.si\/index.php?rest_route=\/wp\/v2\/posts\/3545\/revisions\/3629"}],"wp:attachment":[{"href":"https:\/\/www.os-stari-trg-ok.si\/index.php?rest_route=%2Fwp%2Fv2%2Fmedia&parent=3545"}],"wp:term":[{"taxonomy":"category","embeddable":true,"href":"https:\/\/www.os-stari-trg-ok.si\/index.php?rest_route=%2Fwp%2Fv2%2Fcategories&post=3545"},{"taxonomy":"post_tag","embeddable":true,"href":"https:\/\/www.os-stari-trg-ok.si\/index.php?rest_route=%2Fwp%2Fv2%2Ftags&post=3545"}],"curies":[{"name":"wp","href":"https:\/\/api.w.org\/{rel}","templated":true}]}}