{"id":463,"date":"2015-11-25T15:12:45","date_gmt":"2015-11-25T14:12:45","guid":{"rendered":"http:\/\/staritrgobkolpi.splet.arnes.si\/?p=463"},"modified":"2016-08-31T21:26:10","modified_gmt":"2016-08-31T19:26:10","slug":"mesec-solskih-knjiznic","status":"publish","type":"post","link":"https:\/\/www.os-stari-trg-ok.si\/?p=463","title":{"rendered":"Mesec \u0161olskih knji\u017enic"},"content":{"rendered":"<p><strong>Kako smo obele\u017eili mesec \u0161olskih knji\u017enic<\/strong><\/p>\n<p>&nbsp;<\/p>\n<ul>\n<li><strong>Starej\u0161i u\u010denci smo brali mlaj\u0161im.<\/strong><\/li>\n<\/ul>\n<p><em>Sedmo\u0161olke Lucija, Karmen, Nika in \u017diva so 18 u\u010dencem OPB prebrale pravljice Muca Copatarica, Ma\u010dek Muri, Zlata ptica in Kako je Evropa dobila ime.<\/em><\/p>\n<p><em>\u00a0<\/em><\/p>\n<ul>\n<li><strong>Pripravili smo seznam 5 slovenskih knjig, ki bi jih priporo\u010dili sovrstnikom po svetu.<\/strong><\/li>\n<\/ul>\n<p><em>Na na\u0161em seznamu so: Butalci Frana Mil\u010dinskega, Ko\u0161arkar naj bo! Primo\u017ea Suhodol\u010dana, Ma\u010dek Muri Kajetana Kovi\u010da, Majnice, fulaste pesmi Toneta Pav\u010dka in \u017dupanova Micka Antona Toma\u017ea Linharta.<\/em><\/p>\n<p><em>\u00a0<\/em><\/p>\n<ul>\n<li><strong>Napisali smo svoja razmi\u0161ljanja o pomenu \u0161olske knji\u017enice.<\/strong><\/li>\n<\/ul>\n<p>&nbsp;<\/p>\n<ul>\n<li><strong>Sedmo\u0161olki Nika in \u017diva sta ustvarili pesem o na\u0161i \u0161olski knji\u017enici.<\/strong><\/li>\n<\/ul>\n<p>&nbsp;<\/p>\n<ul>\n<li><strong>Luka iz 7. razreda je narisal svojega najljub\u0161ega knji\u017enega junaka Martina Krpana.<\/strong><\/li>\n<\/ul>\n<p><strong>\u00a0<\/strong><\/p>\n<p><strong>\u00a0<\/strong><\/p>\n<ul>\n<li><strong>Izdelovali smo knji\u017ene kazalke.<\/strong><\/li>\n<\/ul>\n<p><strong>\u00a0<\/strong><\/p>\n<ul>\n<li><strong>Odrasle (star\u0161e, u\u010ditelje \u2026) smo povpra\u0161evali po njihovih najljub\u0161ih knjigah.<\/strong><\/li>\n<\/ul>\n<p>&nbsp;<\/p>\n<p><strong>\u00a0<\/strong><\/p>\n<ul>\n<li><strong>V fotografski objektiv smo ujeli nekaj dejavnosti iz \u017eivljenja na\u0161e \u0161olske knji\u017enice.<\/strong><\/li>\n<\/ul>\n<p><em>\u00a0<\/em><\/p>\n<p><em>V \u0161olski knji\u017enici beremo, pi\u0161emo doma\u010de naloge in se u\u010dimo, re\u0161ujemo mese\u010dne knji\u017ene uganke, vadimo \u010dlanice gledali\u0161kega kro\u017eka, imamo svoj najljub\u0161i koti\u010dek \u2026<\/em><\/p>\n<p>V projektu \u0160olske knji\u017enice so zakon!, s katerim smo obele\u017eili oktober, mesec \u0161olskih knji\u017enic, smo najbolj prizadevno sodelovale u\u010denke kulturno-umetni\u0161kega oz. gledali\u0161kega kro\u017eka: Lucija Konda, Nika Rauh, \u017diva Miheli\u0107, Karmen \u0160terbenc, Andreja Kastelec, Eva Vukeli\u0107 ter Neja Evgenija R\u017een in Lidija Mihajlovi\u0107.<\/p>\n<p>Mentorica<\/p>\n<p>Marija Volf, knji\u017eni\u010darka<\/p>\n<p>&nbsp;<\/p>\n<p><strong>Knji\u017enica O\u0160 STOK<\/strong><\/p>\n<p>&nbsp;<\/p>\n<p>Knji\u017enica je zelo lep kraj,<\/p>\n<p>za nas, knji\u017ene molje, je pravi raj.<\/p>\n<p>Na\u0161a knji\u017enica O\u0160 STOK<\/p>\n<p>je legendarna kot veliki pok.<\/p>\n<p>&nbsp;<\/p>\n<p>Le da \u010das si uredimo,<\/p>\n<p>venomer v njej ti\u010dimo.<\/p>\n<p>Tam imamo tudi svoj koti\u010dek,<\/p>\n<p>pa \u010deprav sede vanj komaj en stri\u010dek.<\/p>\n<p>&nbsp;<\/p>\n<p>V knji\u017enici re\u0161ujemo razli\u010dne kvize,<\/p>\n<p>od Einsteina do Mone Lise.<\/p>\n<p>Resda smo \u0161e mladi,<\/p>\n<p>vendar beremo prav radi.<\/p>\n<p>&nbsp;<\/p>\n<p><strong>Nika Rauh in \u017diva Miheli\u0107, 7. razred<\/strong><\/p>\n<p>&nbsp;<\/p>\n<ul>\n<li>STOK (Stari trg ob Kolpi)<\/li>\n<\/ul>\n<p>&nbsp;<\/p>\n<p><strong>Na\u0161a razmi\u0161ljanja o pomenu \u0161olske knji\u017enice<\/strong><\/p>\n<p><strong>\u00a0<\/strong><\/p>\n<p>S knjigami, ki jih najdemo v \u0161olski knji\u017enici, si \u0161irimo znanje ter bogatimo besedni zaklad in domi\u0161ljijo. V knji\u017enici poi\u0161\u010demo gradivo, ki ga potrebujemo za razli\u010dne predstavitve pri u\u010dnih predmetih in za u\u010denje. Poleg pou\u010dnih knjig, enciklopedij, leksikonov, slovarjev so v knji\u017enici tudi zanimive otro\u0161ke in mladinske leposlovne knjige. Knji\u017enica je tudi prostor, kjer beremo, se u\u010dimo, pi\u0161emo doma\u010de naloge. Zato je \u0161olska knji\u017enica pomembna.<\/p>\n<p>&nbsp;<\/p>\n<p>Andreja Kastelec, 9. r.<\/p>\n<p>&nbsp;<\/p>\n<p>\u0160olska knji\u017enica je zelo pomembna. Dobro je, da ima \u0161ola svojo knji\u017enico, saj so nekateri u\u010denci precej oddaljeni od splo\u0161ne knji\u017enice. Iz knji\u017enice pogosto rabim kak\u0161no knjigo, s katero si pomagam narediti predstavitev ali kaj podobnega za pouk. Kadar pa \u017eelim v \u0161oli nekaj narediti v miru, na primer doma\u010do nalogo ali se u\u010diti, je knji\u017enica pravi prostor za to.<\/p>\n<p>&nbsp;<\/p>\n<p>Eva Vukeli\u0107, 9. r.<\/p>\n<p>&nbsp;<\/p>\n<p>\u0160olska knji\u017enica je zelo pomembna in zanimiva, saj se v njej dogaja veliko zanimivega. Meni so posebej v\u0161e\u010d uganke in kvizi. Lahko pa bi bilo v knji\u017enici malo ve\u010d leposlovnih knjig, ki so primerne za na\u0161o starost. \u0160olska knji\u017enica je super, saj zanjo skrbi prijazna in ustvarjalna knji\u017eni\u010darka.<\/p>\n<p>&nbsp;<\/p>\n<p>Lucija Konda, 7. r.<\/p>\n<p>&nbsp;<\/p>\n<p>Vemo, da mladi danes ne beremo prav pogosto. \u0160olska knji\u017enica pa nas spodbuja k branju, zato je zelo pomembna. Za nas, ki \u017eivimo v manj\u0161ih naseljih in dale\u010d od mest, je \u0161e pomembnej\u0161a. Do splo\u0161ne knji\u017enice v \u010crnomlju imamo 20 km, do ko\u010devske pa kar 30.<\/p>\n<p>&nbsp;<\/p>\n<p>Nika Rauh, 7. r.<\/p>\n<p>&nbsp;<\/p>\n<p>V \u0161olski knji\u017enici si lahko izposodimo razli\u010dne knjige po svojem okusu, pou\u010dne in leposlovne, pa tudi tiste, ki jih potrebujemo za pouk in u\u010denje. \u0160olska knji\u017enica je v primerjavi s splo\u0161no, ki je v oddaljenem mestu, vedno pri roki. Knjigo si grem lahko izposodit med prosto uro ali tudi v odmoru.<\/p>\n<p>&nbsp;<\/p>\n<p>\u017diva Miheli\u0107, 7. r.<\/p>\n<p>&nbsp;<\/p>\n<figure id=\"attachment_464\" aria-describedby=\"caption-attachment-464\" style=\"width: 300px\" class=\"wp-caption alignnone\"><a href=\"http:\/\/staritrgobkolpi.splet.arnes.si\/files\/2015\/11\/Luka-je-narisal-svojega-najljub\u0161ega-knj.-junaka-M.-Krpana.jpg\"><img loading=\"lazy\" decoding=\"async\" class=\"size-medium wp-image-464\" src=\"http:\/\/staritrgobkolpi.splet.arnes.si\/files\/2015\/11\/Luka-je-narisal-svojega-najljub\u0161ega-knj.-junaka-M.-Krpana-300x225.jpg\" alt=\"Luka je narisal svojega najljub\u0161ega knj. junaka M. Krpana\" width=\"300\" height=\"225\" srcset=\"https:\/\/www.os-stari-trg-ok.si\/files\/2015\/11\/Luka-je-narisal-svojega-najljub\u0161ega-knj.-junaka-M.-Krpana-300x225.jpg 300w, https:\/\/www.os-stari-trg-ok.si\/files\/2015\/11\/Luka-je-narisal-svojega-najljub\u0161ega-knj.-junaka-M.-Krpana-800x600.jpg 800w, https:\/\/www.os-stari-trg-ok.si\/files\/2015\/11\/Luka-je-narisal-svojega-najljub\u0161ega-knj.-junaka-M.-Krpana-73x55.jpg 73w, https:\/\/www.os-stari-trg-ok.si\/files\/2015\/11\/Luka-je-narisal-svojega-najljub\u0161ega-knj.-junaka-M.-Krpana.jpg 1024w\" sizes=\"auto, (max-width: 300px) 100vw, 300px\" \/><\/a><figcaption id=\"caption-attachment-464\" class=\"wp-caption-text\">Luka je narisal svojega najljub\u0161ega knj. junaka M. Krpana<\/figcaption><\/figure>\n<p>&nbsp;<\/p>\n<figure id=\"attachment_467\" aria-describedby=\"caption-attachment-467\" style=\"width: 300px\" class=\"wp-caption alignnone\"><a href=\"http:\/\/staritrgobkolpi.splet.arnes.si\/files\/2015\/11\/Mesec_knjiznic_1.jpg\"><img loading=\"lazy\" decoding=\"async\" class=\"size-medium wp-image-467\" src=\"http:\/\/staritrgobkolpi.splet.arnes.si\/files\/2015\/11\/Mesec_knjiznic_1-300x225.jpg\" alt=\"Mesec_knjiznic_1\" width=\"300\" height=\"225\" srcset=\"https:\/\/www.os-stari-trg-ok.si\/files\/2015\/11\/Mesec_knjiznic_1-300x225.jpg 300w, https:\/\/www.os-stari-trg-ok.si\/files\/2015\/11\/Mesec_knjiznic_1-800x600.jpg 800w, https:\/\/www.os-stari-trg-ok.si\/files\/2015\/11\/Mesec_knjiznic_1-73x55.jpg 73w, https:\/\/www.os-stari-trg-ok.si\/files\/2015\/11\/Mesec_knjiznic_1.jpg 1024w\" sizes=\"auto, (max-width: 300px) 100vw, 300px\" \/><\/a><figcaption id=\"caption-attachment-467\" class=\"wp-caption-text\">Mesec_knjiznic_1<\/figcaption><\/figure>\n<figure id=\"attachment_468\" aria-describedby=\"caption-attachment-468\" style=\"width: 225px\" class=\"wp-caption alignnone\"><a href=\"http:\/\/staritrgobkolpi.splet.arnes.si\/files\/2015\/11\/Najljub\u0161i-koti\u010dek-v-na\u0161i-\u0160K.jpg\"><img loading=\"lazy\" decoding=\"async\" class=\"size-medium wp-image-468\" src=\"http:\/\/staritrgobkolpi.splet.arnes.si\/files\/2015\/11\/Najljub\u0161i-koti\u010dek-v-na\u0161i-\u0160K-225x300.jpg\" alt=\"Najljub\u0161i koti\u010dek v na\u0161i \u0160K\" width=\"225\" height=\"300\" srcset=\"https:\/\/www.os-stari-trg-ok.si\/files\/2015\/11\/Najljub\u0161i-koti\u010dek-v-na\u0161i-\u0160K-225x300.jpg 225w, https:\/\/www.os-stari-trg-ok.si\/files\/2015\/11\/Najljub\u0161i-koti\u010dek-v-na\u0161i-\u0160K-450x600.jpg 450w, https:\/\/www.os-stari-trg-ok.si\/files\/2015\/11\/Najljub\u0161i-koti\u010dek-v-na\u0161i-\u0160K-41x55.jpg 41w, https:\/\/www.os-stari-trg-ok.si\/files\/2015\/11\/Najljub\u0161i-koti\u010dek-v-na\u0161i-\u0160K.jpg 768w\" sizes=\"auto, (max-width: 225px) 100vw, 225px\" \/><\/a><figcaption id=\"caption-attachment-468\" class=\"wp-caption-text\">Najljub\u0161i koti\u010dek v na\u0161i \u0160K<\/figcaption><\/figure>\n<p>&nbsp;<\/p>\n<figure id=\"attachment_469\" aria-describedby=\"caption-attachment-469\" style=\"width: 225px\" class=\"wp-caption alignnone\"><a href=\"http:\/\/staritrgobkolpi.splet.arnes.si\/files\/2015\/11\/Re\u0161ujemo-knji\u017ene-uganke.jpg\"><img loading=\"lazy\" decoding=\"async\" class=\"size-medium wp-image-469\" src=\"http:\/\/staritrgobkolpi.splet.arnes.si\/files\/2015\/11\/Re\u0161ujemo-knji\u017ene-uganke-225x300.jpg\" alt=\"Re\u0161ujemo knji\u017ene uganke\" width=\"225\" height=\"300\" srcset=\"https:\/\/www.os-stari-trg-ok.si\/files\/2015\/11\/Re\u0161ujemo-knji\u017ene-uganke-225x300.jpg 225w, https:\/\/www.os-stari-trg-ok.si\/files\/2015\/11\/Re\u0161ujemo-knji\u017ene-uganke-450x600.jpg 450w, https:\/\/www.os-stari-trg-ok.si\/files\/2015\/11\/Re\u0161ujemo-knji\u017ene-uganke-41x55.jpg 41w, https:\/\/www.os-stari-trg-ok.si\/files\/2015\/11\/Re\u0161ujemo-knji\u017ene-uganke.jpg 768w\" sizes=\"auto, (max-width: 225px) 100vw, 225px\" \/><\/a><figcaption id=\"caption-attachment-469\" class=\"wp-caption-text\">Re\u0161ujemo knji\u017ene uganke<\/figcaption><\/figure>\n<figure id=\"attachment_470\" aria-describedby=\"caption-attachment-470\" style=\"width: 300px\" class=\"wp-caption alignnone\"><a href=\"http:\/\/staritrgobkolpi.splet.arnes.si\/files\/2015\/11\/U\u010denke-ki-smo-sodelovale-v-projektu-\u0160olske-knji\u017enice-so-zakon.jpg\"><img loading=\"lazy\" decoding=\"async\" class=\"size-medium wp-image-470\" src=\"http:\/\/staritrgobkolpi.splet.arnes.si\/files\/2015\/11\/U\u010denke-ki-smo-sodelovale-v-projektu-\u0160olske-knji\u017enice-so-zakon-300x225.jpg\" alt=\"U\u010denke, ki smo sodelovale v projektu \u0160olske knji\u017enice so zakon!\" width=\"300\" height=\"225\" srcset=\"https:\/\/www.os-stari-trg-ok.si\/files\/2015\/11\/U\u010denke-ki-smo-sodelovale-v-projektu-\u0160olske-knji\u017enice-so-zakon-300x225.jpg 300w, https:\/\/www.os-stari-trg-ok.si\/files\/2015\/11\/U\u010denke-ki-smo-sodelovale-v-projektu-\u0160olske-knji\u017enice-so-zakon-800x600.jpg 800w, https:\/\/www.os-stari-trg-ok.si\/files\/2015\/11\/U\u010denke-ki-smo-sodelovale-v-projektu-\u0160olske-knji\u017enice-so-zakon-73x55.jpg 73w, https:\/\/www.os-stari-trg-ok.si\/files\/2015\/11\/U\u010denke-ki-smo-sodelovale-v-projektu-\u0160olske-knji\u017enice-so-zakon.jpg 1024w\" sizes=\"auto, (max-width: 300px) 100vw, 300px\" \/><\/a><figcaption id=\"caption-attachment-470\" class=\"wp-caption-text\">U\u010denke, ki smo sodelovale v projektu \u0160olske knji\u017enice so zakon!<\/figcaption><\/figure>\n<figure id=\"attachment_471\" aria-describedby=\"caption-attachment-471\" style=\"width: 300px\" class=\"wp-caption alignnone\"><a href=\"http:\/\/staritrgobkolpi.splet.arnes.si\/files\/2015\/11\/V-knji\u017enici-vadi-gledali\u0161ki-kro\u017eek.jpg\"><img loading=\"lazy\" decoding=\"async\" class=\"size-medium wp-image-471\" src=\"http:\/\/staritrgobkolpi.splet.arnes.si\/files\/2015\/11\/V-knji\u017enici-vadi-gledali\u0161ki-kro\u017eek-300x225.jpg\" alt=\"V knji\u017enici vadi gledali\u0161ki kro\u017eek\" width=\"300\" height=\"225\" srcset=\"https:\/\/www.os-stari-trg-ok.si\/files\/2015\/11\/V-knji\u017enici-vadi-gledali\u0161ki-kro\u017eek-300x225.jpg 300w, https:\/\/www.os-stari-trg-ok.si\/files\/2015\/11\/V-knji\u017enici-vadi-gledali\u0161ki-kro\u017eek-800x600.jpg 800w, https:\/\/www.os-stari-trg-ok.si\/files\/2015\/11\/V-knji\u017enici-vadi-gledali\u0161ki-kro\u017eek-73x55.jpg 73w, https:\/\/www.os-stari-trg-ok.si\/files\/2015\/11\/V-knji\u017enici-vadi-gledali\u0161ki-kro\u017eek.jpg 1024w\" sizes=\"auto, (max-width: 300px) 100vw, 300px\" \/><\/a><figcaption id=\"caption-attachment-471\" class=\"wp-caption-text\">V knji\u017enici vadi gledali\u0161ki kro\u017eek<\/figcaption><\/figure>\n<p>&nbsp;<\/p>\n<figure id=\"attachment_472\" aria-describedby=\"caption-attachment-472\" style=\"width: 300px\" class=\"wp-caption alignnone\"><a href=\"http:\/\/staritrgobkolpi.splet.arnes.si\/files\/2015\/11\/V-\u0160K-pi\u0161emo-naloge-in-se-u\u010dimo.jpg\"><img loading=\"lazy\" decoding=\"async\" class=\"size-medium wp-image-472\" src=\"http:\/\/staritrgobkolpi.splet.arnes.si\/files\/2015\/11\/V-\u0160K-pi\u0161emo-naloge-in-se-u\u010dimo-300x225.jpg\" alt=\"V \u0160K pi\u0161emo naloge in se u\u010dimo\" width=\"300\" height=\"225\" srcset=\"https:\/\/www.os-stari-trg-ok.si\/files\/2015\/11\/V-\u0160K-pi\u0161emo-naloge-in-se-u\u010dimo-300x225.jpg 300w, https:\/\/www.os-stari-trg-ok.si\/files\/2015\/11\/V-\u0160K-pi\u0161emo-naloge-in-se-u\u010dimo-800x600.jpg 800w, https:\/\/www.os-stari-trg-ok.si\/files\/2015\/11\/V-\u0160K-pi\u0161emo-naloge-in-se-u\u010dimo-73x55.jpg 73w, https:\/\/www.os-stari-trg-ok.si\/files\/2015\/11\/V-\u0160K-pi\u0161emo-naloge-in-se-u\u010dimo.jpg 1024w\" sizes=\"auto, (max-width: 300px) 100vw, 300px\" \/><\/a><figcaption id=\"caption-attachment-472\" class=\"wp-caption-text\">V \u0160K pi\u0161emo naloge in se u\u010dimo<\/figcaption><\/figure>\n<figure id=\"attachment_473\" aria-describedby=\"caption-attachment-473\" style=\"width: 300px\" class=\"wp-caption alignnone\"><a href=\"http:\/\/staritrgobkolpi.splet.arnes.si\/files\/2015\/11\/V-\u0161olski-knji\u017enici-beremo.jpg\"><img loading=\"lazy\" decoding=\"async\" class=\"size-medium wp-image-473\" src=\"http:\/\/staritrgobkolpi.splet.arnes.si\/files\/2015\/11\/V-\u0161olski-knji\u017enici-beremo-300x225.jpg\" alt=\"V \u0161olski knji\u017enici beremo\" width=\"300\" height=\"225\" srcset=\"https:\/\/www.os-stari-trg-ok.si\/files\/2015\/11\/V-\u0161olski-knji\u017enici-beremo-300x225.jpg 300w, https:\/\/www.os-stari-trg-ok.si\/files\/2015\/11\/V-\u0161olski-knji\u017enici-beremo-800x600.jpg 800w, https:\/\/www.os-stari-trg-ok.si\/files\/2015\/11\/V-\u0161olski-knji\u017enici-beremo-73x55.jpg 73w, https:\/\/www.os-stari-trg-ok.si\/files\/2015\/11\/V-\u0161olski-knji\u017enici-beremo.jpg 1024w\" sizes=\"auto, (max-width: 300px) 100vw, 300px\" \/><\/a><figcaption id=\"caption-attachment-473\" class=\"wp-caption-text\">V \u0161olski knji\u017enici beremo<\/figcaption><\/figure>\n<p>&nbsp;<\/p>\n<p>&nbsp;<\/p>\n","protected":false},"excerpt":{"rendered":"<p>Kako smo obele\u017eili mesec \u0161olskih knji\u017enic &nbsp; Starej\u0161i u\u010denci smo brali mlaj\u0161im. Sedmo\u0161olke Lucija, Karmen, Nika in \u017diva so 18 u\u010dencem OPB prebrale pravljice Muca Copatarica, Ma\u010dek Muri, Zlata ptica [&hellip;]<\/p>\n","protected":false},"author":5488,"featured_media":471,"comment_status":"open","ping_status":"open","sticky":false,"template":"","format":"standard","meta":{"ngg_post_thumbnail":0,"footnotes":""},"categories":[53,19],"tags":[],"class_list":["post-463","post","type-post","status-publish","format-standard","has-post-thumbnail","hentry","category-arhiv-1516","category-c44-dogodki"],"_links":{"self":[{"href":"https:\/\/www.os-stari-trg-ok.si\/index.php?rest_route=\/wp\/v2\/posts\/463","targetHints":{"allow":["GET"]}}],"collection":[{"href":"https:\/\/www.os-stari-trg-ok.si\/index.php?rest_route=\/wp\/v2\/posts"}],"about":[{"href":"https:\/\/www.os-stari-trg-ok.si\/index.php?rest_route=\/wp\/v2\/types\/post"}],"author":[{"embeddable":true,"href":"https:\/\/www.os-stari-trg-ok.si\/index.php?rest_route=\/wp\/v2\/users\/5488"}],"replies":[{"embeddable":true,"href":"https:\/\/www.os-stari-trg-ok.si\/index.php?rest_route=%2Fwp%2Fv2%2Fcomments&post=463"}],"version-history":[{"count":3,"href":"https:\/\/www.os-stari-trg-ok.si\/index.php?rest_route=\/wp\/v2\/posts\/463\/revisions"}],"predecessor-version":[{"id":474,"href":"https:\/\/www.os-stari-trg-ok.si\/index.php?rest_route=\/wp\/v2\/posts\/463\/revisions\/474"}],"wp:featuredmedia":[{"embeddable":true,"href":"https:\/\/www.os-stari-trg-ok.si\/index.php?rest_route=\/wp\/v2\/media\/471"}],"wp:attachment":[{"href":"https:\/\/www.os-stari-trg-ok.si\/index.php?rest_route=%2Fwp%2Fv2%2Fmedia&parent=463"}],"wp:term":[{"taxonomy":"category","embeddable":true,"href":"https:\/\/www.os-stari-trg-ok.si\/index.php?rest_route=%2Fwp%2Fv2%2Fcategories&post=463"},{"taxonomy":"post_tag","embeddable":true,"href":"https:\/\/www.os-stari-trg-ok.si\/index.php?rest_route=%2Fwp%2Fv2%2Ftags&post=463"}],"curies":[{"name":"wp","href":"https:\/\/api.w.org\/{rel}","templated":true}]}}