{"id":4933,"date":"2018-09-11T10:13:54","date_gmt":"2018-09-11T08:13:54","guid":{"rendered":"http:\/\/staritrgobkolpi.splet.arnes.si\/?p=4933"},"modified":"2018-09-25T15:03:27","modified_gmt":"2018-09-25T13:03:27","slug":"spominjamo-se-prvega-solskega-dne-prvosolcev","status":"publish","type":"post","link":"https:\/\/www.os-stari-trg-ok.si\/?p=4933","title":{"rendered":"SPOMINJAMO SE PRVEGA \u0160OLSKEGA DNE PRVO\u0160OLCEV"},"content":{"rendered":"<p><span style=\"color: #000000\">De\u017eevno jutro je pospremilo \u0161est nadobudnih prvo\u0161olcev v svet u\u010denja in znanja. Zakorakali so v svojo u\u010dilnico\u00a0 in po uvodnem\u00a0 pozdravu prisluhnili spodbudni\u00a0 pravljici Poljubljena roka. Skupaj s star\u0161i smo si ogledali nekaj \u0161olskih prostorov, v katerih bodo \u00bbgulili\u00ab \u0161olske klopi in prevzeli svoje u\u010dbenike in delovne zvezke v \u0161olski knji\u017enici. Sledila je malica in sladko presene\u010denje. Prvo\u0161olci so bili veseli, da so lahko tudi poprijeli za \u0161karje in lepilo in si izdelali sovico \u2013 znak modrosti in znanja, ki \u017ee krasi na\u0161o u\u010dilnico. U\u010denci so se poslovili po prejetju svoje prve diplome, katera je znak, da so postali prvo\u0161olci Osnovne \u0161ole Stari trg ob Kolpi.<\/span><\/p>\n<p><span style=\"color: #000000\">Vsem prvo\u0161olcem \u017eelimo pogumen in uspe\u0161en za\u010detek novega \u0161olskega leta.<\/span><\/p>\n<p>[wzslider]<a href=\"http:\/\/staritrgobkolpi.splet.arnes.si\/?attachment_id=4925\" rel=\"attachment wp-att-4925\"><img loading=\"lazy\" decoding=\"async\" class=\"alignnone wp-image-4925\" src=\"http:\/\/staritrgobkolpi.splet.arnes.si\/files\/2018\/09\/DSC_0245-800x536.jpg\" alt=\"\" width=\"8\" height=\"5\" srcset=\"https:\/\/www.os-stari-trg-ok.si\/files\/2018\/09\/DSC_0245-800x536.jpg 800w, https:\/\/www.os-stari-trg-ok.si\/files\/2018\/09\/DSC_0245-300x201.jpg 300w, https:\/\/www.os-stari-trg-ok.si\/files\/2018\/09\/DSC_0245-768x514.jpg 768w, https:\/\/www.os-stari-trg-ok.si\/files\/2018\/09\/DSC_0245-82x55.jpg 82w, https:\/\/www.os-stari-trg-ok.si\/files\/2018\/09\/DSC_0245-140x90.jpg 140w, https:\/\/www.os-stari-trg-ok.si\/files\/2018\/09\/DSC_0245-220x110.jpg 220w, https:\/\/www.os-stari-trg-ok.si\/files\/2018\/09\/DSC_0245-380x230.jpg 380w\" sizes=\"auto, (max-width: 8px) 100vw, 8px\" \/><\/a><\/p>\n","protected":false},"excerpt":{"rendered":"<p>De\u017eevno jutro je pospremilo \u0161est nadobudnih prvo\u0161olcev v svet u\u010denja in znanja. Zakorakali so v svojo u\u010dilnico\u00a0 in po uvodnem\u00a0 pozdravu prisluhnili spodbudni\u00a0 pravljici Poljubljena roka. Skupaj s star\u0161i smo [&hellip;]<\/p>\n","protected":false},"author":17327,"featured_media":0,"comment_status":"closed","ping_status":"closed","sticky":false,"template":"","format":"standard","meta":{"ngg_post_thumbnail":0,"footnotes":""},"categories":[67,19],"tags":[],"class_list":["post-4933","post","type-post","status-publish","format-standard","hentry","category-arhiv-za-solsko-leto-20182019","category-c44-dogodki"],"_links":{"self":[{"href":"https:\/\/www.os-stari-trg-ok.si\/index.php?rest_route=\/wp\/v2\/posts\/4933","targetHints":{"allow":["GET"]}}],"collection":[{"href":"https:\/\/www.os-stari-trg-ok.si\/index.php?rest_route=\/wp\/v2\/posts"}],"about":[{"href":"https:\/\/www.os-stari-trg-ok.si\/index.php?rest_route=\/wp\/v2\/types\/post"}],"author":[{"embeddable":true,"href":"https:\/\/www.os-stari-trg-ok.si\/index.php?rest_route=\/wp\/v2\/users\/17327"}],"replies":[{"embeddable":true,"href":"https:\/\/www.os-stari-trg-ok.si\/index.php?rest_route=%2Fwp%2Fv2%2Fcomments&post=4933"}],"version-history":[{"count":2,"href":"https:\/\/www.os-stari-trg-ok.si\/index.php?rest_route=\/wp\/v2\/posts\/4933\/revisions"}],"predecessor-version":[{"id":4937,"href":"https:\/\/www.os-stari-trg-ok.si\/index.php?rest_route=\/wp\/v2\/posts\/4933\/revisions\/4937"}],"wp:attachment":[{"href":"https:\/\/www.os-stari-trg-ok.si\/index.php?rest_route=%2Fwp%2Fv2%2Fmedia&parent=4933"}],"wp:term":[{"taxonomy":"category","embeddable":true,"href":"https:\/\/www.os-stari-trg-ok.si\/index.php?rest_route=%2Fwp%2Fv2%2Fcategories&post=4933"},{"taxonomy":"post_tag","embeddable":true,"href":"https:\/\/www.os-stari-trg-ok.si\/index.php?rest_route=%2Fwp%2Fv2%2Ftags&post=4933"}],"curies":[{"name":"wp","href":"https:\/\/api.w.org\/{rel}","templated":true}]}}