{"id":5025,"date":"2018-09-25T15:02:35","date_gmt":"2018-09-25T13:02:35","guid":{"rendered":"http:\/\/staritrgobkolpi.splet.arnes.si\/?p=5025"},"modified":"2018-10-17T11:40:28","modified_gmt":"2018-10-17T09:40:28","slug":"kulturni-dan-v-crnomlju-igraj-se-v-mestu","status":"publish","type":"post","link":"https:\/\/www.os-stari-trg-ok.si\/?p=5025","title":{"rendered":"KULTURNI DAN V \u010cRNOMLJU \u2013 IGRAJ SE V MESTU"},"content":{"rendered":"<p><span style=\"color: #000000\">V petek, 21.9. 2018, smo se z u\u010denci 1. triletja odpeljali v \u010crnomelj z \u00bbvelikim\u00ab avtobusom, kot so ga poimenovali otroci, saj je po\u017eel veliko navdu\u0161enja med njimi. Ob\u010dina \u010crnomelj nas je povabila na predstavo Cepetav\u010dek v okviru evropskega tedna mobilnosti.\u00a0 Po poti smo se ustavili \u0161e na Vinici in v Dragatu\u0161u in budno opazovali nove obraze otrok, ki so se nam prav tako pridru\u017eili. Predstava je bila u\u010dencem zanimiva, saj je bila dinami\u010dna, sme\u0161na in glasbeno podprta.<\/span><\/p>\n<p><span style=\"color: #000000\">U\u010denci so bili najbolj veseli \u00bbvelike \u0161katle\u00ab, ki nam jo je podelila \u017eupanja ob\u010dine \u010crnomelj, v kateri so se skrivale razli\u010dne \u017eoge in pa dru\u017eabne igre za u\u010dence. U\u010denci so bili zadovoljni, da bo lahko na\u0161 pouk bogatej\u0161i in \u0161e bolj zanimiv.<\/span><\/p>\n<p><span style=\"color: #000000\">Koordinatorica KD Ur\u0161ka Simoni\u010d<\/span><\/p>\n<p>[wzslider] <a href=\"http:\/\/staritrgobkolpi.splet.arnes.si\/?attachment_id=5015\" rel=\"attachment wp-att-5015\"><img loading=\"lazy\" decoding=\"async\" class=\"alignnone wp-image-5015\" src=\"http:\/\/staritrgobkolpi.splet.arnes.si\/files\/2018\/09\/DSC_0259-800x536.jpg\" alt=\"\" width=\"10\" height=\"7\" srcset=\"https:\/\/www.os-stari-trg-ok.si\/files\/2018\/09\/DSC_0259-800x536.jpg 800w, https:\/\/www.os-stari-trg-ok.si\/files\/2018\/09\/DSC_0259-300x201.jpg 300w, https:\/\/www.os-stari-trg-ok.si\/files\/2018\/09\/DSC_0259-768x514.jpg 768w, https:\/\/www.os-stari-trg-ok.si\/files\/2018\/09\/DSC_0259-82x55.jpg 82w, https:\/\/www.os-stari-trg-ok.si\/files\/2018\/09\/DSC_0259-140x90.jpg 140w, https:\/\/www.os-stari-trg-ok.si\/files\/2018\/09\/DSC_0259-380x230.jpg 380w\" sizes=\"auto, (max-width: 10px) 100vw, 10px\" \/><\/a><\/p>\n","protected":false},"excerpt":{"rendered":"<p>V petek, 21.9. 2018, smo se z u\u010denci 1. triletja odpeljali v \u010crnomelj z \u00bbvelikim\u00ab avtobusom, kot so ga poimenovali otroci, saj je po\u017eel veliko navdu\u0161enja med njimi. Ob\u010dina \u010crnomelj [&hellip;]<\/p>\n","protected":false},"author":17327,"featured_media":0,"comment_status":"closed","ping_status":"closed","sticky":false,"template":"","format":"standard","meta":{"ngg_post_thumbnail":0,"footnotes":""},"categories":[67],"tags":[],"class_list":["post-5025","post","type-post","status-publish","format-standard","hentry","category-arhiv-za-solsko-leto-20182019"],"_links":{"self":[{"href":"https:\/\/www.os-stari-trg-ok.si\/index.php?rest_route=\/wp\/v2\/posts\/5025","targetHints":{"allow":["GET"]}}],"collection":[{"href":"https:\/\/www.os-stari-trg-ok.si\/index.php?rest_route=\/wp\/v2\/posts"}],"about":[{"href":"https:\/\/www.os-stari-trg-ok.si\/index.php?rest_route=\/wp\/v2\/types\/post"}],"author":[{"embeddable":true,"href":"https:\/\/www.os-stari-trg-ok.si\/index.php?rest_route=\/wp\/v2\/users\/17327"}],"replies":[{"embeddable":true,"href":"https:\/\/www.os-stari-trg-ok.si\/index.php?rest_route=%2Fwp%2Fv2%2Fcomments&post=5025"}],"version-history":[{"count":1,"href":"https:\/\/www.os-stari-trg-ok.si\/index.php?rest_route=\/wp\/v2\/posts\/5025\/revisions"}],"predecessor-version":[{"id":5027,"href":"https:\/\/www.os-stari-trg-ok.si\/index.php?rest_route=\/wp\/v2\/posts\/5025\/revisions\/5027"}],"wp:attachment":[{"href":"https:\/\/www.os-stari-trg-ok.si\/index.php?rest_route=%2Fwp%2Fv2%2Fmedia&parent=5025"}],"wp:term":[{"taxonomy":"category","embeddable":true,"href":"https:\/\/www.os-stari-trg-ok.si\/index.php?rest_route=%2Fwp%2Fv2%2Fcategories&post=5025"},{"taxonomy":"post_tag","embeddable":true,"href":"https:\/\/www.os-stari-trg-ok.si\/index.php?rest_route=%2Fwp%2Fv2%2Ftags&post=5025"}],"curies":[{"name":"wp","href":"https:\/\/api.w.org\/{rel}","templated":true}]}}