{"id":5193,"date":"2018-10-02T11:26:40","date_gmt":"2018-10-02T09:26:40","guid":{"rendered":"http:\/\/staritrgobkolpi.splet.arnes.si\/?p=5193"},"modified":"2019-03-07T13:53:28","modified_gmt":"2019-03-07T12:53:28","slug":"jesenski-pohod-od-radencev-do-brega","status":"publish","type":"post","link":"https:\/\/www.os-stari-trg-ok.si\/?p=5193","title":{"rendered":"Jesenski pohod od Radencev do Brega"},"content":{"rendered":"<p><span style=\"color: #000000\">Prvo izmed treh delovnih sobot v leto\u0161njem \u0161olskem letu smo izkoristili za jesenski \u0161portni dan. Izvedli smo ga v okviru evropskega tedna \u0161porta v soboto, 29. septembra.<\/span><\/p>\n<p><span style=\"color: #000000\">Iz Starega trga smo se z dvema kombijema odpeljali v Radence in izstopili pred C\u0160OD. Oblikovali smo dve pohodni\u0161ki skupini \u2013 mlaj\u0161o, v kateri so bili u\u010denci 1.\u20134. razreda, in starej\u0161o, ki so jo sestavljali \u0161olarji 5.\u20139. razreda, ter se podali na pot. V jutranji rosi so Radenci kmalu ostali za nami in hojo smo nadaljevali po najju\u017enej\u0161i pe\u0161poti ob Kolpi. Vseskozi nas je spremljalo pomirjujo\u010de \u0161umenje zelene reke. Najbolj bistro oko pohodnika je v njenih globinah lahko uzrlo tudi kak\u0161no ve\u010djo ribo. Ko smo se pribli\u017eevali vasici Breg, so nas mlaj\u0161e u\u010denke razveselile s prepevanjem. Razvedrile so nas tako s Kek\u010devo pesmijo kot z napevom o zviti lisi\u010dki in lovcu. V vasi smo pozdravili nekaj prijaznih starej\u0161ih doma\u010dinov in odkorakali naprej. Na cilju pred kra\u0161ko jamo Kobilja\u010do so \u017ee \u010dakali starej\u0161i u\u010denci, saj so pot prehodili hitreje kot mlaj\u0161i. Previdno smo vstopili v vhodni rov jame in si jo ogledali, nato pa je sledilo \u0161e skupinsko fotografiranje pred vhodom v jamo.<\/span><\/p>\n<p><span style=\"color: #000000\">Po kraj\u0161em po\u010ditku in malici smo se po isti poti vrnili v Radence. Ko smo se po pribli\u017eno desetkilometrski hoji prijetno utrujeni bli\u017eali vasi, smo iz bli\u017enjega gozda na hrva\u0161ki strani \u010dez Kolpo lahko sli\u0161ali mogo\u010dni jelenji ruk, pa \u010deprav se je ura \u017ee bli\u017eala poldnevu. Na cilju pri C\u0160OD nas je \u010dakalo \u0161e sladko presene\u010denje \u2013 sladoled, najbolj razigrani u\u010denci pa so se pred odhodom domov podili \u0161e za nogometno \u017eogo.<\/span><\/p>\n<p><span style=\"color: #000000\">\u0160portni dan smo zaklju\u010dili z lepimi vtisi. Veseli smo bili tudi star\u0161ev, ki so si vzeli \u010das za skupno dru\u017eenje v naravi.<\/span><\/p>\n<p><span style=\"color: #000000\">Marija Volf, besedilo<\/span><br \/>\n<span style=\"color: #000000\">Ajda Skrbin\u0161ek,fotografija<\/span><\/p>\n<p style=\"text-align: left\">[wzslider]<a href=\"http:\/\/staritrgobkolpi.splet.arnes.si\/?attachment_id=5169\" rel=\"attachment wp-att-5169\"><img loading=\"lazy\" decoding=\"async\" class=\"alignnone wp-image-5169\" src=\"http:\/\/staritrgobkolpi.splet.arnes.si\/files\/2018\/10\/DSC_0090-800x536.jpg\" alt=\"\" width=\"4\" height=\"3\" srcset=\"https:\/\/www.os-stari-trg-ok.si\/files\/2018\/10\/DSC_0090-800x536.jpg 800w, https:\/\/www.os-stari-trg-ok.si\/files\/2018\/10\/DSC_0090-150x150.jpg 150w, https:\/\/www.os-stari-trg-ok.si\/files\/2018\/10\/DSC_0090-300x201.jpg 300w, https:\/\/www.os-stari-trg-ok.si\/files\/2018\/10\/DSC_0090-768x514.jpg 768w, https:\/\/www.os-stari-trg-ok.si\/files\/2018\/10\/DSC_0090-82x55.jpg 82w, https:\/\/www.os-stari-trg-ok.si\/files\/2018\/10\/DSC_0090-710x300.jpg 710w, https:\/\/www.os-stari-trg-ok.si\/files\/2018\/10\/DSC_0090-30x30.jpg 30w, https:\/\/www.os-stari-trg-ok.si\/files\/2018\/10\/DSC_0090-140x90.jpg 140w, https:\/\/www.os-stari-trg-ok.si\/files\/2018\/10\/DSC_0090-220x110.jpg 220w, https:\/\/www.os-stari-trg-ok.si\/files\/2018\/10\/DSC_0090-380x230.jpg 380w\" sizes=\"auto, (max-width: 4px) 100vw, 4px\" \/><\/a><\/p>\n","protected":false},"excerpt":{"rendered":"<p>Prvo izmed treh delovnih sobot v leto\u0161njem \u0161olskem letu smo izkoristili za jesenski \u0161portni dan. Izvedli smo ga v okviru evropskega tedna \u0161porta v soboto, 29. septembra. Iz Starega trga [&hellip;]<\/p>\n","protected":false},"author":17327,"featured_media":0,"comment_status":"closed","ping_status":"closed","sticky":false,"template":"","format":"standard","meta":{"ngg_post_thumbnail":0,"footnotes":""},"categories":[67,19],"tags":[],"class_list":["post-5193","post","type-post","status-publish","format-standard","hentry","category-arhiv-za-solsko-leto-20182019","category-c44-dogodki"],"_links":{"self":[{"href":"https:\/\/www.os-stari-trg-ok.si\/index.php?rest_route=\/wp\/v2\/posts\/5193","targetHints":{"allow":["GET"]}}],"collection":[{"href":"https:\/\/www.os-stari-trg-ok.si\/index.php?rest_route=\/wp\/v2\/posts"}],"about":[{"href":"https:\/\/www.os-stari-trg-ok.si\/index.php?rest_route=\/wp\/v2\/types\/post"}],"author":[{"embeddable":true,"href":"https:\/\/www.os-stari-trg-ok.si\/index.php?rest_route=\/wp\/v2\/users\/17327"}],"replies":[{"embeddable":true,"href":"https:\/\/www.os-stari-trg-ok.si\/index.php?rest_route=%2Fwp%2Fv2%2Fcomments&post=5193"}],"version-history":[{"count":5,"href":"https:\/\/www.os-stari-trg-ok.si\/index.php?rest_route=\/wp\/v2\/posts\/5193\/revisions"}],"predecessor-version":[{"id":5203,"href":"https:\/\/www.os-stari-trg-ok.si\/index.php?rest_route=\/wp\/v2\/posts\/5193\/revisions\/5203"}],"wp:attachment":[{"href":"https:\/\/www.os-stari-trg-ok.si\/index.php?rest_route=%2Fwp%2Fv2%2Fmedia&parent=5193"}],"wp:term":[{"taxonomy":"category","embeddable":true,"href":"https:\/\/www.os-stari-trg-ok.si\/index.php?rest_route=%2Fwp%2Fv2%2Fcategories&post=5193"},{"taxonomy":"post_tag","embeddable":true,"href":"https:\/\/www.os-stari-trg-ok.si\/index.php?rest_route=%2Fwp%2Fv2%2Ftags&post=5193"}],"curies":[{"name":"wp","href":"https:\/\/api.w.org\/{rel}","templated":true}]}}