{"id":6249,"date":"2019-01-03T13:36:55","date_gmt":"2019-01-03T12:36:55","guid":{"rendered":"http:\/\/staritrgobkolpi.splet.arnes.si\/?p=6249"},"modified":"2019-01-03T13:37:06","modified_gmt":"2019-01-03T12:37:06","slug":"kulturni-dan-s-proslavo-ob-dnevu-samostojnosti-in-enotnosti-na-os-stari-trg-ob-kolpi","status":"publish","type":"post","link":"https:\/\/www.os-stari-trg-ok.si\/?p=6249","title":{"rendered":"KULTURNI DAN S PROSLAVO OB DNEVU SAMOSTOJNOSTI IN ENOTNOSTI NA O\u0160 STARI TRG OB KOLPI"},"content":{"rendered":"<p><span style=\"color: #000000\">V petek, 21. 12. 2018, smo na na\u0161i \u0161oli proslavili dan samostojnosti in enotnosti kar v obliki kulturnega dne. U\u010denci so pri\u0161li v \u0161olo popoldne in sicer precej razigrani, v pri\u010dakovanju po\u010ditnic, Bo\u017ei\u010dka in daril ter polni vznemirjenja ali jim bo uspelo nastopiti na proslavi tako, kot so od sebe pri\u010dakovali.\u00a0<\/span><\/p>\n<p><span style=\"color: #000000\">Po kosilu so u\u010denci skupaj z razredni\u010darkami izdelovali vo\u0161\u010dilnice in jih ponosno delili delavcem na\u0161e \u0161ole. U\u010denci tretjega triletja pa so ta \u010das skrbno pripravljali tombolo za obiskovalce. Sledilo je tradicionalno samoobdarovanje, ki je ob zvokih novoletnih pesmic \u017ee pri\u010daralo prazni\u010dno vzdu\u0161je. \u010cas je hitro minil in po malici smo odhiteli na vajo v \u0161portno dvorano.\u00a0\u00a0\u00a0<\/span><\/p>\n<p><span style=\"color: #000000\">\u00a0Ob 17. uri nas je v prireditev ob polni \u0161portni dvorani popeljala slovenska himna. Napovedovalca sta nas opomnila na pomen slovenskega dr\u017eavnega praznika za na\u0161o dr\u017eavo in prebrala ve\u010d zapisov slovenskega pisatelja Ivana Cankarja, saj\u00a0 ravno decembra praznujemo 100-letnico njegove smrti.\u00a0\u00a0\u00a0\u00a0<\/span><\/p>\n<p><span style=\"color: #000000\"> U\u010denci razli\u010dnih starosti in tudi vrt\u010devski otroci so prepevali, plesali ljudske in sodobne plese, deklamirali, dramatizirali in tako ob\u010dinstvu pokazali del\u010dek tega kar zmorejo in znajo. \u00a0\u00a0\u00a0\u00a0\u00a0\u00a0\u00a0\u00a0\u00a0\u00a0\u00a0\u00a0\u00a0\u00a0\u00a0\u00a0\u00a0\u00a0\u00a0\u00a0\u00a0\u00a0\u00a0\u00a0\u00a0\u00a0\u00a0\u00a0\u00a0\u00a0\u00a0\u00a0\u00a0\u00a0\u00a0\u00a0\u00a0\u00a0\u00a0\u00a0\u00a0\u00a0\u00a0\u00a0\u00a0\u00a0\u00a0\u00a0\u00a0\u00a0\u00a0\u00a0\u00a0\u00a0\u00a0\u00a0\u00a0\u00a0\u00a0\u00a0\u00a0\u00a0\u00a0\u00a0\u00a0\u00a0\u00a0\u00a0\u00a0\u00a0\u00a0\u00a0\u00a0\u00a0\u00a0\u00a0\u00a0\u00a0\u00a0\u00a0\u00a0\u00a0\u00a0\u00a0\u00a0\u00a0\u00a0\u00a0\u00a0\u00a0\u00a0\u00a0\u00a0\u00a0\u00a0\u00a0\u00a0\u00a0\u00a0\u00a0\u00a0\u00a0 <\/span><\/p>\n<p><span style=\"color: #000000\">Prireditev je zaklju\u010dil Bo\u017ei\u010dek z darili, ki \u00a0nas je pospremil na zaslu\u017eene po\u010ditnice.<\/span><\/p>\n<p>&nbsp;<\/p>\n<p><span style=\"color: #000000\">Koordinatorice KD<\/span><\/p>\n<p>[wzslider]<\/p>\n","protected":false},"excerpt":{"rendered":"<p>V petek, 21. 12. 2018, smo na na\u0161i \u0161oli proslavili dan samostojnosti in enotnosti kar v obliki kulturnega dne. U\u010denci so pri\u0161li v \u0161olo popoldne in sicer precej razigrani, v [&hellip;]<\/p>\n","protected":false},"author":17327,"featured_media":0,"comment_status":"closed","ping_status":"closed","sticky":false,"template":"","format":"standard","meta":{"ngg_post_thumbnail":0,"footnotes":""},"categories":[67,19],"tags":[],"class_list":["post-6249","post","type-post","status-publish","format-standard","hentry","category-arhiv-za-solsko-leto-20182019","category-c44-dogodki"],"_links":{"self":[{"href":"https:\/\/www.os-stari-trg-ok.si\/index.php?rest_route=\/wp\/v2\/posts\/6249","targetHints":{"allow":["GET"]}}],"collection":[{"href":"https:\/\/www.os-stari-trg-ok.si\/index.php?rest_route=\/wp\/v2\/posts"}],"about":[{"href":"https:\/\/www.os-stari-trg-ok.si\/index.php?rest_route=\/wp\/v2\/types\/post"}],"author":[{"embeddable":true,"href":"https:\/\/www.os-stari-trg-ok.si\/index.php?rest_route=\/wp\/v2\/users\/17327"}],"replies":[{"embeddable":true,"href":"https:\/\/www.os-stari-trg-ok.si\/index.php?rest_route=%2Fwp%2Fv2%2Fcomments&post=6249"}],"version-history":[{"count":3,"href":"https:\/\/www.os-stari-trg-ok.si\/index.php?rest_route=\/wp\/v2\/posts\/6249\/revisions"}],"predecessor-version":[{"id":6255,"href":"https:\/\/www.os-stari-trg-ok.si\/index.php?rest_route=\/wp\/v2\/posts\/6249\/revisions\/6255"}],"wp:attachment":[{"href":"https:\/\/www.os-stari-trg-ok.si\/index.php?rest_route=%2Fwp%2Fv2%2Fmedia&parent=6249"}],"wp:term":[{"taxonomy":"category","embeddable":true,"href":"https:\/\/www.os-stari-trg-ok.si\/index.php?rest_route=%2Fwp%2Fv2%2Fcategories&post=6249"},{"taxonomy":"post_tag","embeddable":true,"href":"https:\/\/www.os-stari-trg-ok.si\/index.php?rest_route=%2Fwp%2Fv2%2Ftags&post=6249"}],"curies":[{"name":"wp","href":"https:\/\/api.w.org\/{rel}","templated":true}]}}