{"id":6395,"date":"2019-01-14T12:51:05","date_gmt":"2019-01-14T11:51:05","guid":{"rendered":"http:\/\/staritrgobkolpi.splet.arnes.si\/?p=6395"},"modified":"2019-01-14T12:53:32","modified_gmt":"2019-01-14T11:53:32","slug":"prva-nagrada-na-likovnem-natecaju-8-bienale-otroske-ilustracije","status":"publish","type":"post","link":"https:\/\/www.os-stari-trg-ok.si\/?p=6395","title":{"rendered":"Prva nagrada na likovnem nate\u010daju 8. bienale otro\u0161ke ilustracije"},"content":{"rendered":"<p><span style=\"color: #000000\">V ponedeljek, 3. 12. 2018, je v KC Semi\u010d potekala otvoritev razstave 8. bienala otro\u0161ke ilustracije. Na nate\u010daju so sodelovale osnovne \u0161ole iz belokranjskih ob\u010din. U\u010denci so ustvarjali po \u017dupan\u010di\u010devih pesmih iz zbirke Mehur\u010dki.\u00a0<\/span><\/p>\n<p><span style=\"color: #000000\">Na podelitvi nagrad najuspe\u0161nej\u0161im ustvarjalcem, je spregovoril akademski kipar Jo\u017eef Vr\u0161\u010daj, ki je bil tudi \u010dlan ocenjevalne komisije. Prireditev je povezovala Ajda Skrbin\u0161ek. Podelili so devet nagrad, za vsako triado po tri. <\/span><\/p>\n<p><span style=\"color: #000000\">V prvi triadi je bil s <strong>prvim mestom<\/strong> nagrajen u\u010denec 3. razreda O\u0160 Stari trg ob Kolpi, <strong>Kevin M. P. T.\u00a0<\/strong><\/span><\/p>\n<p><span style=\"color: #000000\">V <strong>o\u017eji izbor<\/strong> se je poleg nagrajenega dela uvrstila \u0161e u\u010denka 2. razreda, <strong>Sara K.<\/strong><\/span><\/p>\n<p><span style=\"color: #000000\">Iskrene \u010destitke!<\/span><\/p>\n<p><span style=\"color: #000000\">Mentorica Ingrid Miheli\u010d<\/span><\/p>\n<p style=\"text-align: center\"><strong><span style=\"color: #000000\">Vrabci in stra\u0161ilo<\/span><\/strong><\/p>\n<p style=\"text-align: center\"><span id=\"more-172\"><\/span><span style=\"color: #000000\">\u010civ-\u010div, \u010div-\u010div,<\/span><br \/>\n<span style=\"color: #000000\">\u0161e dolgo bom \u017eiv,<\/span><br \/>\n<span style=\"color: #000000\">\u017eiv-\u017eav, \u017eiv-\u017eav,<\/span><br \/>\n<span style=\"color: #000000\">\u0161e dolgo bom zdrav:<\/span><br \/>\n<span style=\"color: #000000\">na sredi polja<\/span><br \/>\n<span style=\"color: #000000\">tri vre\u010de prosa!<\/span><\/p>\n<p style=\"text-align: center\"><span style=\"color: #000000\">\u010civ-\u010div, \u017eiv-\u017eav,<\/span><br \/>\n<span style=\"color: #000000\">vse prav? Vse prav!<\/span><\/p>\n<p style=\"text-align: center\"><span style=\"color: #000000\">\u010civ-\u010div, \u010div-\u010div,<\/span><br \/>\n<span style=\"color: #000000\">saj nisem jaz kriv,<\/span><br \/>\n<span style=\"color: #000000\">\u017eiv-\u017eav, \u017eiv-\u017eav,<\/span><br \/>\n<span style=\"color: #000000\">\u010de mo\u017e je brljav,<\/span><br \/>\n<span style=\"color: #000000\">\u010de metlo ima,<\/span><br \/>\n<span style=\"color: #000000\">pa mesti ne zna.<\/span><\/p>\n<p style=\"text-align: center\"><span style=\"color: #000000\">\u010civ-\u010div, \u017eiv-\u017eav,<\/span><br \/>\n<span style=\"color: #000000\">vse prav? Vse prav!<\/span><\/p>\n<p><img loading=\"lazy\" decoding=\"async\" class=\"alignnone wp-image-6409\" src=\"http:\/\/staritrgobkolpi.splet.arnes.si\/files\/2019\/01\/image2-1-168x300.png\" alt=\"\" width=\"188\" height=\"336\" srcset=\"https:\/\/www.os-stari-trg-ok.si\/files\/2019\/01\/image2-1-168x300.png 168w, https:\/\/www.os-stari-trg-ok.si\/files\/2019\/01\/image2-1-337x600.png 337w, https:\/\/www.os-stari-trg-ok.si\/files\/2019\/01\/image2-1-31x55.png 31w, https:\/\/www.os-stari-trg-ok.si\/files\/2019\/01\/image2-1.png 359w\" sizes=\"auto, (max-width: 188px) 100vw, 188px\" \/> <img loading=\"lazy\" decoding=\"async\" class=\"alignnone wp-image-6407\" src=\"http:\/\/staritrgobkolpi.splet.arnes.si\/files\/2019\/01\/image1-1-1-168x300.png\" alt=\"\" width=\"189\" height=\"338\" srcset=\"https:\/\/www.os-stari-trg-ok.si\/files\/2019\/01\/image1-1-1-168x300.png 168w, https:\/\/www.os-stari-trg-ok.si\/files\/2019\/01\/image1-1-1-31x55.png 31w, https:\/\/www.os-stari-trg-ok.si\/files\/2019\/01\/image1-1-1.png 359w\" sizes=\"auto, (max-width: 189px) 100vw, 189px\" \/> <img loading=\"lazy\" decoding=\"async\" class=\"alignnone wp-image-6411\" src=\"http:\/\/staritrgobkolpi.splet.arnes.si\/files\/2019\/01\/image2-1-e1547466181215-225x300.jpeg\" alt=\"\" width=\"256\" height=\"341\" srcset=\"https:\/\/www.os-stari-trg-ok.si\/files\/2019\/01\/image2-1-e1547466181215-225x300.jpeg 225w, https:\/\/www.os-stari-trg-ok.si\/files\/2019\/01\/image2-1-e1547466181215-41x55.jpeg 41w, https:\/\/www.os-stari-trg-ok.si\/files\/2019\/01\/image2-1-e1547466181215-450x600.jpeg 450w, https:\/\/www.os-stari-trg-ok.si\/files\/2019\/01\/image2-1-e1547466181215.jpeg 480w\" sizes=\"auto, (max-width: 256px) 100vw, 256px\" \/> <img loading=\"lazy\" decoding=\"async\" class=\"alignnone wp-image-6415\" src=\"http:\/\/staritrgobkolpi.splet.arnes.si\/files\/2019\/01\/image1-1-e1547466205239-225x300.jpeg\" alt=\"\" width=\"257\" height=\"343\" srcset=\"https:\/\/www.os-stari-trg-ok.si\/files\/2019\/01\/image1-1-e1547466205239-225x300.jpeg 225w, https:\/\/www.os-stari-trg-ok.si\/files\/2019\/01\/image1-1-e1547466205239-41x55.jpeg 41w, https:\/\/www.os-stari-trg-ok.si\/files\/2019\/01\/image1-1-e1547466205239-450x600.jpeg 450w, https:\/\/www.os-stari-trg-ok.si\/files\/2019\/01\/image1-1-e1547466205239.jpeg 480w\" sizes=\"auto, (max-width: 257px) 100vw, 257px\" \/> <img loading=\"lazy\" decoding=\"async\" class=\"alignnone wp-image-6405\" src=\"http:\/\/staritrgobkolpi.splet.arnes.si\/files\/2019\/01\/knjiga-Mehur\u010dki-234x300.jpg\" alt=\"\" width=\"267\" height=\"342\" srcset=\"https:\/\/www.os-stari-trg-ok.si\/files\/2019\/01\/knjiga-Mehur\u010dki-234x300.jpg 234w, https:\/\/www.os-stari-trg-ok.si\/files\/2019\/01\/knjiga-Mehur\u010dki-768x985.jpg 768w, https:\/\/www.os-stari-trg-ok.si\/files\/2019\/01\/knjiga-Mehur\u010dki-468x600.jpg 468w, https:\/\/www.os-stari-trg-ok.si\/files\/2019\/01\/knjiga-Mehur\u010dki-43x55.jpg 43w, https:\/\/www.os-stari-trg-ok.si\/files\/2019\/01\/knjiga-Mehur\u010dki.jpg 1229w\" sizes=\"auto, (max-width: 267px) 100vw, 267px\" \/><\/p>\n<p>&nbsp;<\/p>\n","protected":false},"excerpt":{"rendered":"<p>V ponedeljek, 3. 12. 2018, je v KC Semi\u010d potekala otvoritev razstave 8. bienala otro\u0161ke ilustracije. Na nate\u010daju so sodelovale osnovne \u0161ole iz belokranjskih ob\u010din. U\u010denci so ustvarjali po \u017dupan\u010di\u010devih [&hellip;]<\/p>\n","protected":false},"author":20713,"featured_media":0,"comment_status":"closed","ping_status":"closed","sticky":false,"template":"","format":"standard","meta":{"ngg_post_thumbnail":0,"footnotes":""},"categories":[67,19],"tags":[],"class_list":["post-6395","post","type-post","status-publish","format-standard","hentry","category-arhiv-za-solsko-leto-20182019","category-c44-dogodki"],"_links":{"self":[{"href":"https:\/\/www.os-stari-trg-ok.si\/index.php?rest_route=\/wp\/v2\/posts\/6395","targetHints":{"allow":["GET"]}}],"collection":[{"href":"https:\/\/www.os-stari-trg-ok.si\/index.php?rest_route=\/wp\/v2\/posts"}],"about":[{"href":"https:\/\/www.os-stari-trg-ok.si\/index.php?rest_route=\/wp\/v2\/types\/post"}],"author":[{"embeddable":true,"href":"https:\/\/www.os-stari-trg-ok.si\/index.php?rest_route=\/wp\/v2\/users\/20713"}],"replies":[{"embeddable":true,"href":"https:\/\/www.os-stari-trg-ok.si\/index.php?rest_route=%2Fwp%2Fv2%2Fcomments&post=6395"}],"version-history":[{"count":5,"href":"https:\/\/www.os-stari-trg-ok.si\/index.php?rest_route=\/wp\/v2\/posts\/6395\/revisions"}],"predecessor-version":[{"id":6425,"href":"https:\/\/www.os-stari-trg-ok.si\/index.php?rest_route=\/wp\/v2\/posts\/6395\/revisions\/6425"}],"wp:attachment":[{"href":"https:\/\/www.os-stari-trg-ok.si\/index.php?rest_route=%2Fwp%2Fv2%2Fmedia&parent=6395"}],"wp:term":[{"taxonomy":"category","embeddable":true,"href":"https:\/\/www.os-stari-trg-ok.si\/index.php?rest_route=%2Fwp%2Fv2%2Fcategories&post=6395"},{"taxonomy":"post_tag","embeddable":true,"href":"https:\/\/www.os-stari-trg-ok.si\/index.php?rest_route=%2Fwp%2Fv2%2Ftags&post=6395"}],"curies":[{"name":"wp","href":"https:\/\/api.w.org\/{rel}","templated":true}]}}