{"id":6823,"date":"2019-02-14T21:51:59","date_gmt":"2019-02-14T20:51:59","guid":{"rendered":"http:\/\/staritrgobkolpi.splet.arnes.si\/?p=6823"},"modified":"2019-02-18T15:25:09","modified_gmt":"2019-02-18T14:25:09","slug":"presernovanje-2019-v-os-stari-trg-ob-kolpi","status":"publish","type":"post","link":"https:\/\/www.os-stari-trg-ok.si\/?p=6823","title":{"rendered":"Pre\u0161ernovanje 2019 v O\u0160 Stari trg ob Kolpi"},"content":{"rendered":"<p><span style=\"color: #000000\">Proslava Pre\u0161ernovanje je postala v O\u0160 Stari trg ob Kolpi \u017ee tradicionalna prireditev v po\u010dastitev slovenskega kulturnega praznika. A leto\u0161nje praznovanje dr\u017eavnega praznika je bilo \u0161e posebej slovesno.<\/span><\/p>\n<p><span style=\"color: #000000\">Po Zdravljici, dr\u017eavni himni, in nagovoru ravnateljice Mojce Butala se je pri\u010del bogat kulturni program, ki sta ga povezovala deveto\u0161olka Neja E. R\u017een in osmo\u0161olec Erik R\u017een. Mladi folklorniki so se predstavili s ske\u010dem o Pre\u0161ernu, u\u010denci kulturno-umetni\u0161kega kro\u017eka z recitacijo Pre\u0161ernove Zdravljice in Vodnikove poezije ter dramatizacijo Ur\u0161ke Andreja Rozmana Roze. Kimberly Ann in Jaka iz vrtca sta nastopila z \u017dupan\u010di\u010devo Ciciban zaspi. \u010clani otro\u0161kega in mladinskega pevskega zbora so zapeli Jesensko, Kek\u010devo pesem, Dan ljubezni in Dajte, dajte vbogajme. Peto\u0161olec Lan A. R\u017een je navdu\u0161il ob\u010dinstvo, ko je na harmoniko zaigral Slakovega \u010cebelarja in Miheli\u010devega Veselega Ribni\u010dana.<\/span><\/p>\n<p><span style=\"color: #000000\">Kar navada je \u017ee, da se u\u010dencem na odru pridru\u017eijo tudi zaposleni v vrtcu in \u0161oli. Letos so se z interpretacijo Valentink Svetlane Makarovi\u010d in \u017dupan\u010di\u010devih Ve\u0161, poet, svoj dolg? in Ti skrivnostni moj cvet predstavile Andreja Rade, Andreja Sveti\u010d, Anja Jakljevi\u010d, Slavica Planinc in Mojca Breznik.<\/span><\/p>\n<p><span style=\"color: #000000\">Z jagodnim izborom poezije pa so obiskovalcem prireditve postregle u\u010diteljica Maja Zidari\u010d ter mami na\u0161ih u\u010dencev gospe Eva Hala\u0161ova in Maybeline Rose Pyngrope Tekavec. Tako smo u\u017eivali v interpretaciji pesmi Prle\u0161ki klopotec Marka Ko\u010darja v prle\u0161kem nare\u010dju, v poeziji Milana Rufusa v slova\u0161\u010dini in v pesnitvi U Sosa Thama v indijskem jeziku khasi.<\/span><\/p>\n<p><span style=\"color: #000000\">S prireditvijo Pre\u0161ernovanje smo obele\u017eili 170-letnico smrti na\u0161ega najve\u010djega poeta Franceta Pre\u0161erna, 200-letnico smrti prvega slovenskega pesnika Valentina Vodnika in Vodnikovo leto, 70-letnico smrti belokranjskega poeta Otona \u017dupan\u010di\u010da in 80. rojstni dan vsestranske slovenske umetnice Svetlane Makarovi\u010d.<\/span><\/p>\n<p><span style=\"color: #000000\">Prazni\u010dno vzdu\u0161je je obogatila \u0161e li\u010dna scenska kulisa prireditvenega prostora. Veseli smo bili vseh star\u0161ev in krajanov, ki so v lepem \u0161tevilu obiskali na\u0161o prireditev. Pohvalo in zahvalo za bogat kulturni program pa si zaslu\u017eijo vsi nastopajo\u010di in u\u010ditelji mentorji.<\/span><\/p>\n<p>&nbsp;<\/p>\n<p><span style=\"color: #000000\"><strong>Marija Volf, koordinatorka prireditve\u00a0\u00a0\u00a0\u00a0\u00a0\u00a0\u00a0\u00a0\u00a0\u00a0\u00a0\u00a0\u00a0\u00a0\u00a0\u00a0\u00a0\u00a0\u00a0\u00a0\u00a0\u00a0\u00a0\u00a0\u00a0\u00a0\u00a0\u00a0\u00a0\u00a0\u00a0\u00a0\u00a0\u00a0\u00a0\u00a0\u00a0\u00a0\u00a0\u00a0\u00a0\u00a0\u00a0\u00a0\u00a0\u00a0\u00a0\u00a0\u00a0\u00a0\u00a0\u00a0\u00a0\u00a0\u00a0\u00a0\u00a0\u00a0\u00a0\u00a0\u00a0\u00a0\u00a0\u00a0\u00a0\u00a0\u00a0\u00a0\u00a0\u00a0\u00a0\u00a0\u00a0\u00a0\u00a0\u00a0\u00a0 <\/strong><\/span><\/p>\n<p><span style=\"color: #000000\"><strong>Danica Petric, fotografije<\/strong><\/span><\/p>\n<p>[wzslider]<\/p>\n","protected":false},"excerpt":{"rendered":"<p>Proslava Pre\u0161ernovanje je postala v O\u0160 Stari trg ob Kolpi \u017ee tradicionalna prireditev v po\u010dastitev slovenskega kulturnega praznika. A leto\u0161nje praznovanje dr\u017eavnega praznika je bilo \u0161e posebej slovesno. Po Zdravljici, [&hellip;]<\/p>\n","protected":false},"author":17327,"featured_media":0,"comment_status":"closed","ping_status":"closed","sticky":false,"template":"","format":"standard","meta":{"ngg_post_thumbnail":0,"footnotes":""},"categories":[67,19],"tags":[],"class_list":["post-6823","post","type-post","status-publish","format-standard","hentry","category-arhiv-za-solsko-leto-20182019","category-c44-dogodki"],"_links":{"self":[{"href":"https:\/\/www.os-stari-trg-ok.si\/index.php?rest_route=\/wp\/v2\/posts\/6823","targetHints":{"allow":["GET"]}}],"collection":[{"href":"https:\/\/www.os-stari-trg-ok.si\/index.php?rest_route=\/wp\/v2\/posts"}],"about":[{"href":"https:\/\/www.os-stari-trg-ok.si\/index.php?rest_route=\/wp\/v2\/types\/post"}],"author":[{"embeddable":true,"href":"https:\/\/www.os-stari-trg-ok.si\/index.php?rest_route=\/wp\/v2\/users\/17327"}],"replies":[{"embeddable":true,"href":"https:\/\/www.os-stari-trg-ok.si\/index.php?rest_route=%2Fwp%2Fv2%2Fcomments&post=6823"}],"version-history":[{"count":3,"href":"https:\/\/www.os-stari-trg-ok.si\/index.php?rest_route=\/wp\/v2\/posts\/6823\/revisions"}],"predecessor-version":[{"id":6839,"href":"https:\/\/www.os-stari-trg-ok.si\/index.php?rest_route=\/wp\/v2\/posts\/6823\/revisions\/6839"}],"wp:attachment":[{"href":"https:\/\/www.os-stari-trg-ok.si\/index.php?rest_route=%2Fwp%2Fv2%2Fmedia&parent=6823"}],"wp:term":[{"taxonomy":"category","embeddable":true,"href":"https:\/\/www.os-stari-trg-ok.si\/index.php?rest_route=%2Fwp%2Fv2%2Fcategories&post=6823"},{"taxonomy":"post_tag","embeddable":true,"href":"https:\/\/www.os-stari-trg-ok.si\/index.php?rest_route=%2Fwp%2Fv2%2Ftags&post=6823"}],"curies":[{"name":"wp","href":"https:\/\/api.w.org\/{rel}","templated":true}]}}